{"id":34932,"date":"2017-08-20T20:31:11","date_gmt":"2017-08-20T23:31:11","guid":{"rendered":"http:\/\/portalcatolico.net\/portal\/?p=34932"},"modified":"2017-08-20T20:45:30","modified_gmt":"2017-08-20T23:45:30","slug":"semana-da-familia-encerra-neste-domingo-em-itabuna-com-a-presenca-de-dois-mil-fieis","status":"publish","type":"post","link":"https:\/\/portalcatolico.net\/portal\/semana-da-familia-encerra-neste-domingo-em-itabuna-com-a-presenca-de-dois-mil-fieis\/","title":{"rendered":"Semana da Fam\u00edlia encerra neste domingo em Itabuna com a presen\u00e7a de dois mil fieis"},"content":{"rendered":"<p class=\"x_xmsonospacing\"><em>Encerrou em todo o Brasil, neste domingo (20) a Semana Nacional da Fam\u00edlia. Na Diocese de Itabuna, o evento teve in\u00edcio no dia 13, e ao longo da semana, foram realizadas celebra\u00e7\u00f5es, carreatas, palestras, partilhas, entrevistas, apresenta\u00e7\u00e3o teatral, distribui\u00e7\u00e3o de brindes e reflex\u00f5es sobre a fam\u00edlia, tendo como base um instrumento rico em temas de estudo que \u00e9 a \u201cHora da Fam\u00edlia\u201d.<\/em><\/p>\n<p class=\"x_xmsonospacing\"><em>A Semana Nacional da Fam\u00edlia est\u00e1 em sua 26\u00aa edi\u00e7\u00e3o e para este ano, o tema proposto foi: \u201cFam\u00edlia, uma luz para a vida em sociedade.\u201d<\/em><\/p>\n<p class=\"x_xmsonospacing\"><em>A Santa Missa de encerramento contou a participa\u00e7\u00e3o de aproximadamente dois mil fi\u00e9is. A Celebra\u00e7\u00e3o Eucar\u00edstica aconteceu \u00e0s 16h,\u00a0<\/em><em>na Avenida Beira Rio pr\u00f3xima \u00e0 C\u00e2mara Municipal de Vereadores de Itabuna\u00a0<\/em><em>e foi presidida pelo bispo diocesano, dom Carlos Alberto dos Santos e concelebrada por padres e di\u00e1conos.<\/em><i><\/i><\/p>\n<p class=\"x_xmsonospacing\"><i>\u201cGostaria de agradecer a Deus e a voc\u00eas por esta bonita Diocese, por esse povo bom que ama a Nossa Senhora. Todos n\u00f3s fomos chamados a entrar em sintonia com esse Deus de amor e com essa m\u00e3e cheia de gra\u00e7a. Que Ela, como m\u00e3e, continue entrando na sua casa, no santu\u00e1rio que \u00e9 a sua fam\u00edlia, entrando em seu cora\u00e7\u00e3o, que \u00e9 o trono de Deus. A sua fam\u00edlia \u00e9 para ser instrumento de amor. Fa\u00e7a hoje o compromisso de querer ter uma fam\u00edlia de Deus. Ame a sua fam\u00edlia, agrade\u00e7a a Deus pela sua fam\u00edlia\u201d, finalizou Dom Carlos.<\/i><\/p>\n<p class=\"x_xmsonospacing\">Por:Reda\u00e7\u00e3o Portal Cat\u00f3lico.net<\/p>\n<p class=\"x_xmsonospacing\">\u00a0Confira as fotos em nossa p\u00e1gina no Facebook : <a href=\"https:\/\/www.facebook.com\/portalcatolicooficial\/\"><span style=\"color: #ff0000;\">Clique aqui<\/span><\/a><\/p>\n","protected":false},"excerpt":{"rendered":"<p>Encerrou em todo o Brasil, neste domingo (20) a Semana Nacional da Fam\u00edlia. Na Diocese de Itabuna, o evento teve in\u00edcio no dia 13, e ao longo da semana, foram realizadas celebra\u00e7\u00f5es, carreatas, palestras, partilhas, entrevistas, apresenta\u00e7\u00e3o teatral, distribui\u00e7\u00e3o de brindes e reflex\u00f5es sobre a fam\u00edlia, tendo como base um instrumento rico em temas de&nbsp;<\/p>\n<p><a class=\"btn btn-style\" href=\"https:\/\/portalcatolico.net\/portal\/semana-da-familia-encerra-neste-domingo-em-itabuna-com-a-presenca-de-dois-mil-fieis\/\">Continue Reading<\/a><\/p>\n","protected":false},"author":2,"featured_media":34934,"comment_status":"open","ping_status":"open","sticky":false,"template":"","format":"standard","meta":{"footnotes":""},"categories":[68],"tags":[],"class_list":["post-34932","post","type-post","status-publish","format-standard","has-post-thumbnail","hentry","category-homilias"],"_links":{"self":[{"href":"https:\/\/portalcatolico.net\/portal\/wp-json\/wp\/v2\/posts\/34932","targetHints":{"allow":["GET"]}}],"collection":[{"href":"https:\/\/portalcatolico.net\/portal\/wp-json\/wp\/v2\/posts"}],"about":[{"href":"https:\/\/portalcatolico.net\/portal\/wp-json\/wp\/v2\/types\/post"}],"author":[{"embeddable":true,"href":"https:\/\/portalcatolico.net\/portal\/wp-json\/wp\/v2\/users\/2"}],"replies":[{"embeddable":true,"href":"https:\/\/portalcatolico.net\/portal\/wp-json\/wp\/v2\/comments?post=34932"}],"version-history":[{"count":4,"href":"https:\/\/portalcatolico.net\/portal\/wp-json\/wp\/v2\/posts\/34932\/revisions"}],"predecessor-version":[{"id":34939,"href":"https:\/\/portalcatolico.net\/portal\/wp-json\/wp\/v2\/posts\/34932\/revisions\/34939"}],"wp:featuredmedia":[{"embeddable":true,"href":"https:\/\/portalcatolico.net\/portal\/wp-json\/wp\/v2\/media\/34934"}],"wp:attachment":[{"href":"https:\/\/portalcatolico.net\/portal\/wp-json\/wp\/v2\/media?parent=34932"}],"wp:term":[{"taxonomy":"category","embeddable":true,"href":"https:\/\/portalcatolico.net\/portal\/wp-json\/wp\/v2\/categories?post=34932"},{"taxonomy":"post_tag","embeddable":true,"href":"https:\/\/portalcatolico.net\/portal\/wp-json\/wp\/v2\/tags?post=34932"}],"curies":[{"name":"wp","href":"https:\/\/api.w.org\/{rel}","templated":true}]}}