{"id":34928,"date":"2017-08-20T13:59:22","date_gmt":"2017-08-20T16:59:22","guid":{"rendered":"http:\/\/portalcatolico.net\/portal\/?p=34928"},"modified":"2017-08-20T13:59:22","modified_gmt":"2017-08-20T16:59:22","slug":"thiago-brado-faz-show-em-itabuna-e-concede-entrevista-exclusiva-confira","status":"publish","type":"post","link":"https:\/\/portalcatolico.net\/portal\/thiago-brado-faz-show-em-itabuna-e-concede-entrevista-exclusiva-confira\/","title":{"rendered":"Thiago Brado faz show em Itabuna e concede entrevista exclusiva. Confira!"},"content":{"rendered":"<p class=\"x_MsoNormal\">Este\u00a0 \u00faltimo s\u00e1bado, 19 de agosto, ficou na mem\u00f3ria de centenas de cat\u00f3licos que prestigiaram o show do cantor Thiago Brado em Itabuna (BA).<\/p>\n<p class=\"x_xmsonospacing\">\u00a0Thiago \u00e9 um dos cantores cat\u00f3licos de maiores sucesso atualmente. Portanto, ele n\u00e3o poderia ficar de fora da programa\u00e7\u00e3o da Semana Nacional da Fam\u00edlia, que est\u00e1 acontecendo desde o dia 13 de agosto na Diocese de Itabuna.<\/p>\n<p class=\"x_xmsonospacing\">\u00a0O evento contou com as presen\u00e7as de v\u00e1rios padres e di\u00e1conos, al\u00e9m do bispo diocesano dom Carlos Alberto, que na oportunidade, parabenizou a Pastoral Familiar Diocesana pela iniciativa e organiza\u00e7\u00e3o da Semana.<\/p>\n<p class=\"x_xmsonospacing\">\u00a0O cantor e compositor paranaense fez um bel\u00edssimo show para caravanas de diversas cidades circunvizinhas e fieis que aguardavam e que lotaram a pra\u00e7a Beira Rio, no centro da cidade. E concedeu uma entrevista exclusiva ao Portal Cat\u00f3lico. Confira!<\/p>\n<p class=\"x_xmsonospacing\">\u00a0<strong>Portal Cat\u00f3lico:\u00a0<\/strong><strong>Fale um pouco sobre o seu novo trabalho, o DVD Pulsar.<\/strong><\/p>\n<p class=\"x_MsoNormal\"><b>Thiago Brado: <\/b>Primeiramente, gostaria de dizer que \u00e9 uma alegria estar aqui! O DVD Pulsar nasceu no meu cora\u00e7\u00e3o com um desejo de fazer uma turn\u00ea bem animada, bem vibrante, mas tamb\u00e9m muito profunda, onde a gente deve entender que o amor do Senhor pulsa por n\u00f3s, ent\u00e3o esse pulso do amor de Deus que nos envolve e faz com que esse DVD seja levado at\u00e9 os lugares.<\/p>\n<p class=\"x_MsoNormal\"><strong>Portal Cat\u00f3lico:\u00a0 Como \u00e9 a sua hist\u00f3ria com a m\u00fasica?<\/strong><\/p>\n<p class=\"x_MsoNormal\"><b>Thiago Brado: <\/b>Comecei aos 13, tocando na missa, depois nos Grupos de Ora\u00e7\u00e3o em minha par\u00f3quia, que \u00e9 no Paran\u00e1, e em 2011, deixei minha faculdade pra gravar o CD. Em 2012, comecei esse projeto de evangeliza\u00e7\u00e3o atrav\u00e9s da m\u00fasica, desse primeiro CD. Em agosto, completo 5 anos de miss\u00e3o e a cada dia que passa tenho visto o que Deus faz na vida das pessoas, na minha vida, e qu\u00e3o maravilhoso \u00e9 ser Jovem e ser de Deus.<\/p>\n<p class=\"x_MsoNormal\"><strong>Portal Cat\u00f3lico:\u00a0 <\/strong><strong>Como voc\u00ea se sente evangelizando tantas fam\u00edlias neste evento hoje?<\/strong><\/p>\n<p class=\"x_MsoNormal\"><b>Thiago Brado: <\/b>A extens\u00e3o do amor de Deus e do lar de Jesus, Maria e Jos\u00e9 \u00e9 a nossa casa. Ent\u00e3o, falar para as fam\u00edlias \u00e9 falar do essencial e do necess\u00e1rio: o amor!<\/p>\n<p class=\"x_MsoNormal\">Para conhecer melhor a biografia e o novo trabalho de Thiago Brado, entre no<b> <\/b><em>site:<a href=\"http:\/\/www.thiagobrado.com.br\/\" target=\"_blank\" rel=\"noopener noreferrer\">www.thiagobrado.com.br<\/a><\/em><\/p>\n<p class=\"x_MsoNormal\">Por:Reda\u00e7\u00e3o Portal Cat\u00f3lico.net<\/p>\n<p class=\"x_MsoNormal\">\n<p class=\"x_MsoNormal\">Confira as fotos deste evento.<a href=\"http:\/\/portalcatolico.net\/portal\/index.php\/thiago-em-itabuna\/\"><span style=\"color: #ff0000;\">Clique aqui<\/span><\/a><\/p>\n","protected":false},"excerpt":{"rendered":"<p>Este\u00a0 \u00faltimo s\u00e1bado, 19 de agosto, ficou na mem\u00f3ria de centenas de cat\u00f3licos que prestigiaram o show do cantor Thiago Brado em Itabuna (BA). \u00a0Thiago \u00e9 um dos cantores cat\u00f3licos de maiores sucesso atualmente. Portanto, ele n\u00e3o poderia ficar de fora da programa\u00e7\u00e3o da Semana Nacional da Fam\u00edlia, que est\u00e1 acontecendo desde o dia 13&nbsp;<\/p>\n<p><a class=\"btn btn-style\" href=\"https:\/\/portalcatolico.net\/portal\/thiago-brado-faz-show-em-itabuna-e-concede-entrevista-exclusiva-confira\/\">Continue Reading<\/a><\/p>\n","protected":false},"author":2,"featured_media":34929,"comment_status":"open","ping_status":"open","sticky":false,"template":"","format":"standard","meta":{"footnotes":""},"categories":[65],"tags":[],"class_list":["post-34928","post","type-post","status-publish","format-standard","has-post-thumbnail","hentry","category-entrevistas"],"_links":{"self":[{"href":"https:\/\/portalcatolico.net\/portal\/wp-json\/wp\/v2\/posts\/34928","targetHints":{"allow":["GET"]}}],"collection":[{"href":"https:\/\/portalcatolico.net\/portal\/wp-json\/wp\/v2\/posts"}],"about":[{"href":"https:\/\/portalcatolico.net\/portal\/wp-json\/wp\/v2\/types\/post"}],"author":[{"embeddable":true,"href":"https:\/\/portalcatolico.net\/portal\/wp-json\/wp\/v2\/users\/2"}],"replies":[{"embeddable":true,"href":"https:\/\/portalcatolico.net\/portal\/wp-json\/wp\/v2\/comments?post=34928"}],"version-history":[{"count":1,"href":"https:\/\/portalcatolico.net\/portal\/wp-json\/wp\/v2\/posts\/34928\/revisions"}],"predecessor-version":[{"id":34930,"href":"https:\/\/portalcatolico.net\/portal\/wp-json\/wp\/v2\/posts\/34928\/revisions\/34930"}],"wp:featuredmedia":[{"embeddable":true,"href":"https:\/\/portalcatolico.net\/portal\/wp-json\/wp\/v2\/media\/34929"}],"wp:attachment":[{"href":"https:\/\/portalcatolico.net\/portal\/wp-json\/wp\/v2\/media?parent=34928"}],"wp:term":[{"taxonomy":"category","embeddable":true,"href":"https:\/\/portalcatolico.net\/portal\/wp-json\/wp\/v2\/categories?post=34928"},{"taxonomy":"post_tag","embeddable":true,"href":"https:\/\/portalcatolico.net\/portal\/wp-json\/wp\/v2\/tags?post=34928"}],"curies":[{"name":"wp","href":"https:\/\/api.w.org\/{rel}","templated":true}]}}