{"id":34925,"date":"2017-08-20T13:53:54","date_gmt":"2017-08-20T16:53:54","guid":{"rendered":"http:\/\/portalcatolico.net\/portal\/?p=34925"},"modified":"2017-08-20T13:54:06","modified_gmt":"2017-08-20T16:54:06","slug":"paroquia-senhor-deus-menino-realiza-primeira-missa-jovem","status":"publish","type":"post","link":"https:\/\/portalcatolico.net\/portal\/paroquia-senhor-deus-menino-realiza-primeira-missa-jovem\/","title":{"rendered":"Par\u00f3quia Senhor Deus Menino realiza Primeira Missa Jovem"},"content":{"rendered":"<p class=\"x_MsoNormal\">Os paroquianos juntamente com a juventude da Par\u00f3quia Senhor Deus Menino na cidade Ibicara\u00ed, no sul da Bahia, realizaram neste s\u00e1bado (19), a primeira missa em prol dos jovens. A santa missa foi presidida pelo padre Wesley do Carmo e concelebrada por di\u00e1cono Sandoval.<\/p>\n<p class=\"x_MsoNormal\">A celebra\u00e7\u00e3o teve como tema &#8220;O c\u00e9u \u00e9 o meu lugar\u201d. O momento de encontro e adora\u00e7\u00e3o a Deus ainda contou com a participa\u00e7\u00e3o do grupo de teatro da Renova\u00e7\u00e3o Carism\u00e1tica Cat\u00f3lica, que de forma l\u00fadica, ao final da Santa Missa, ensinou como se deve andar ao lado de Jesus e sua\u00a0bondade, seguindo verdadeiramente o caminho do bem.<\/p>\n<p class=\"x_MsoNormal\">\u00a0Segunda o padre Wesley, o pr\u00f3ximo encontro acontecer\u00e1 em 16 de setembro, na igreja Matriz Senhor Deus Menino.\u00a0 \u00c1s 20h ter\u00e1 o louvor e \u00e0s 21h come\u00e7a a Segunda Missa Jovem.<\/p>\n<p class=\"x_MsoNormal\">\u00a0Vale ressaltar, que tamb\u00e9m em setembro, ser\u00e1 realizada a Primeira Gincana B\u00edblica. E no dia 2, haver\u00e1 reuni\u00e3o para defini\u00e7\u00e3o das tarefas.<\/p>\n<p class=\"x_MsoNormal\">\u00a0<i>Confira as fotos e v\u00eddeo da Primeira Missa Jovem no link a seguir:\u00a0<a href=\"https:\/\/www.facebook.com\/paroquiaibicarai\/\" target=\"_blank\" rel=\"noopener noreferrer\">https:\/\/www.facebook.com\/paroquiaibicarai\/<\/a><\/i><\/p>\n<p class=\"x_MsoNormal\">Por:Reda\u00e7\u00e3o Portal Cat\u00f3lico.net<\/p>\n","protected":false},"excerpt":{"rendered":"<p>Os paroquianos juntamente com a juventude da Par\u00f3quia Senhor Deus Menino na cidade Ibicara\u00ed, no sul da Bahia, realizaram neste s\u00e1bado (19), a primeira missa em prol dos jovens. A santa missa foi presidida pelo padre Wesley do Carmo e concelebrada por di\u00e1cono Sandoval. A celebra\u00e7\u00e3o teve como tema &#8220;O c\u00e9u \u00e9 o meu lugar\u201d.&nbsp;<\/p>\n<p><a class=\"btn btn-style\" href=\"https:\/\/portalcatolico.net\/portal\/paroquia-senhor-deus-menino-realiza-primeira-missa-jovem\/\">Continue Reading<\/a><\/p>\n","protected":false},"author":2,"featured_media":34926,"comment_status":"open","ping_status":"open","sticky":false,"template":"","format":"standard","meta":{"footnotes":""},"categories":[2],"tags":[],"class_list":["post-34925","post","type-post","status-publish","format-standard","has-post-thumbnail","hentry","category-eventos"],"_links":{"self":[{"href":"https:\/\/portalcatolico.net\/portal\/wp-json\/wp\/v2\/posts\/34925","targetHints":{"allow":["GET"]}}],"collection":[{"href":"https:\/\/portalcatolico.net\/portal\/wp-json\/wp\/v2\/posts"}],"about":[{"href":"https:\/\/portalcatolico.net\/portal\/wp-json\/wp\/v2\/types\/post"}],"author":[{"embeddable":true,"href":"https:\/\/portalcatolico.net\/portal\/wp-json\/wp\/v2\/users\/2"}],"replies":[{"embeddable":true,"href":"https:\/\/portalcatolico.net\/portal\/wp-json\/wp\/v2\/comments?post=34925"}],"version-history":[{"count":1,"href":"https:\/\/portalcatolico.net\/portal\/wp-json\/wp\/v2\/posts\/34925\/revisions"}],"predecessor-version":[{"id":34927,"href":"https:\/\/portalcatolico.net\/portal\/wp-json\/wp\/v2\/posts\/34925\/revisions\/34927"}],"wp:featuredmedia":[{"embeddable":true,"href":"https:\/\/portalcatolico.net\/portal\/wp-json\/wp\/v2\/media\/34926"}],"wp:attachment":[{"href":"https:\/\/portalcatolico.net\/portal\/wp-json\/wp\/v2\/media?parent=34925"}],"wp:term":[{"taxonomy":"category","embeddable":true,"href":"https:\/\/portalcatolico.net\/portal\/wp-json\/wp\/v2\/categories?post=34925"},{"taxonomy":"post_tag","embeddable":true,"href":"https:\/\/portalcatolico.net\/portal\/wp-json\/wp\/v2\/tags?post=34925"}],"curies":[{"name":"wp","href":"https:\/\/api.w.org\/{rel}","templated":true}]}}