{"id":34919,"date":"2017-08-20T09:31:09","date_gmt":"2017-08-20T12:31:09","guid":{"rendered":"http:\/\/portalcatolico.net\/portal\/?p=34919"},"modified":"2017-08-20T09:31:09","modified_gmt":"2017-08-20T12:31:09","slug":"comunidade-em-itabuna-celebra-missa-em-novo-terreno","status":"publish","type":"post","link":"https:\/\/portalcatolico.net\/portal\/comunidade-em-itabuna-celebra-missa-em-novo-terreno\/","title":{"rendered":"Comunidade em Itabuna celebra missa em novo terreno"},"content":{"rendered":"<p class=\"x_xmsonospacing\">Os membros da Comunidade de Alian\u00e7a Filhos de Israel est\u00e3o festejando com a primeira missa em um<em>\u00a0novo terreno da Comunidade .<\/em><\/p>\n<p class=\"x_xmsonospacing\"><em>\u00a0<\/em><em>\u201c<\/em>Uma alegria, profunda gratid\u00e3o a Deus invade o nosso cora\u00e7\u00e3o, primeira missa no terreno, onde ser\u00e1 constru\u00edda a Capela de S\u00e3o Miguel e nossa Primeira Casa de Acolhimento e Miss\u00e3o.Viemos louvar, celebrar e rezar com os irm\u00e3os, e assim como como Josu\u00e9, testemunhar que somos perten\u00e7a de Deus, povo Santo e escolhido. Quem como Deus? Ningu\u00e9m como Deus!\u201d, disseram os fundadores <em>Jos\u00e9 Iramar\u00a0 e sua esposa Dinorah Xavier.<\/em><\/p>\n<p class=\"x_xmsonospacing\"><em>\u00a0<\/em><em>A santa missa neste s\u00e1bado, 19 de agosto, foi presidida pelo padre Ezequias Gon\u00e7alves da Par\u00f3quia Nossa senhora Aparecida, do bairro Calif\u00f3rnia na Diocese de Itabuna(BA) e teve inicio \u00e0s 6h, com participa\u00e7\u00e3o de membros da \u00a0Comunidade Nossa Senhora de Guadalupe, do bairro Jo\u00e3o Soares,\u00a0 entre outras. \u00a0<\/em><\/p>\n<p class=\"x_xmsonospacing\">\u00a0Confira as imagens da primeira missa no link a seguir: \u00a0<a href=\"https:\/\/www.facebook.com\/cafi.amorezelo\/\" target=\"_blank\" rel=\"noopener noreferrer\">https:\/\/www.facebook.com\/cafi.amorezelo\/<\/a><\/p>\n<p class=\"x_MsoNormal\">\u00a0Por:Reda\u00e7\u00e3o Portal Cat\u00f3lico.net<\/p>\n","protected":false},"excerpt":{"rendered":"<p>Os membros da Comunidade de Alian\u00e7a Filhos de Israel est\u00e3o festejando com a primeira missa em um\u00a0novo terreno da Comunidade . \u00a0\u201cUma alegria, profunda gratid\u00e3o a Deus invade o nosso cora\u00e7\u00e3o, primeira missa no terreno, onde ser\u00e1 constru\u00edda a Capela de S\u00e3o Miguel e nossa Primeira Casa de Acolhimento e Miss\u00e3o.Viemos louvar, celebrar e rezar&nbsp;<\/p>\n<p><a class=\"btn btn-style\" href=\"https:\/\/portalcatolico.net\/portal\/comunidade-em-itabuna-celebra-missa-em-novo-terreno\/\">Continue Reading<\/a><\/p>\n","protected":false},"author":2,"featured_media":34923,"comment_status":"open","ping_status":"open","sticky":false,"template":"","format":"standard","meta":{"footnotes":""},"categories":[4],"tags":[],"class_list":["post-34919","post","type-post","status-publish","format-standard","has-post-thumbnail","hentry","category-destaques"],"_links":{"self":[{"href":"https:\/\/portalcatolico.net\/portal\/wp-json\/wp\/v2\/posts\/34919","targetHints":{"allow":["GET"]}}],"collection":[{"href":"https:\/\/portalcatolico.net\/portal\/wp-json\/wp\/v2\/posts"}],"about":[{"href":"https:\/\/portalcatolico.net\/portal\/wp-json\/wp\/v2\/types\/post"}],"author":[{"embeddable":true,"href":"https:\/\/portalcatolico.net\/portal\/wp-json\/wp\/v2\/users\/2"}],"replies":[{"embeddable":true,"href":"https:\/\/portalcatolico.net\/portal\/wp-json\/wp\/v2\/comments?post=34919"}],"version-history":[{"count":1,"href":"https:\/\/portalcatolico.net\/portal\/wp-json\/wp\/v2\/posts\/34919\/revisions"}],"predecessor-version":[{"id":34924,"href":"https:\/\/portalcatolico.net\/portal\/wp-json\/wp\/v2\/posts\/34919\/revisions\/34924"}],"wp:featuredmedia":[{"embeddable":true,"href":"https:\/\/portalcatolico.net\/portal\/wp-json\/wp\/v2\/media\/34923"}],"wp:attachment":[{"href":"https:\/\/portalcatolico.net\/portal\/wp-json\/wp\/v2\/media?parent=34919"}],"wp:term":[{"taxonomy":"category","embeddable":true,"href":"https:\/\/portalcatolico.net\/portal\/wp-json\/wp\/v2\/categories?post=34919"},{"taxonomy":"post_tag","embeddable":true,"href":"https:\/\/portalcatolico.net\/portal\/wp-json\/wp\/v2\/tags?post=34919"}],"curies":[{"name":"wp","href":"https:\/\/api.w.org\/{rel}","templated":true}]}}