{"id":34916,"date":"2017-08-20T07:36:20","date_gmt":"2017-08-20T10:36:20","guid":{"rendered":"http:\/\/portalcatolico.net\/portal\/?p=34916"},"modified":"2017-08-20T07:36:20","modified_gmt":"2017-08-20T10:36:20","slug":"materia-jovens-sergipanos-se-preparam-para-jmj-panama-2019","status":"publish","type":"post","link":"https:\/\/portalcatolico.net\/portal\/materia-jovens-sergipanos-se-preparam-para-jmj-panama-2019\/","title":{"rendered":"Mat\u00e9ria: Jovens sergipanos se preparam para JMJ Panam\u00e1 2019"},"content":{"rendered":"<div>Um ano depois de Crac\u00f3via ter acolhido milhares de jovens cat\u00f3licos do mundo inteiro para um encontro com o papa Francisco, a juventude come\u00e7a a se preparar para embarcar para cidade do Panam\u00e1, sede da Jornada Mundial da Juventude 2019.<\/div>\n<div>A Sergipana Fl\u00e1via Tauane, 25 anos, participou da edi\u00e7\u00e3o do Rio de Janeiro que acolheu tr\u00eas milh\u00f5es de jovens. Conheceu na Cidade Maravilhosa alguns mission\u00e1rios do Movimento Auxilia e meses depois de viver a experi\u00eancia da Jornada, ingressou no movimento se tornando mission\u00e1ria no ano de 2015. \u201cA JMJ foi a prova que Deus \u00e9 criativo, que a Igreja \u00e9 repleta de carismas e rostos de todo mundo mas que falam a mesma l\u00edngua, mesma F\u00e9. Al\u00e9m de ser um grande encontro com o Sucessor de Pedro, a Jornada Mundial da Juventude veio reacender a chama do Espirito Santo no cora\u00e7\u00e3o dos jovens peregrinos\u201d, disse a mission\u00e1ria.<\/div>\n<div><\/div>\n<div>A experi\u00eancia de vivenciar o encontro do Santo Padre com a juventude \u00e9 revigorante em nossa f\u00e9. Para participar, al\u00e9m de ora\u00e7\u00f5es, o planejamento \u00e9 indispens\u00e1vel para economizar e investir nesta longa peregrina\u00e7\u00e3o. Este ano o Movimento Auxilia lan\u00e7ou um pacote destinado a jovens que desejam ir para o Panam\u00e1, com valores onde inclui passagens \u00e1reas, inscri\u00e7\u00e3o da JMJ e hospedagem. O pacote tem sa\u00edda de Aracaju e pagamento facilitado para que os jovens possam se organizar e planejar um planejamento que vise a concretiza\u00e7\u00e3o desta experi\u00eancia. \u00a0Algumas dicas devem ser lembradas no planejamento de um grupo rumo a Jornada Mundial da Juventude como buscar sempre apresentar o projeto antes ao p\u00e1roco, planejar com anteced\u00eancia para que tenha facilidade em parcelamentos e envolver a comunidade atrav\u00e9s de eventos organizados pelo grupo.<\/div>\n<div><\/div>\n<div>Para maiores informa\u00e7\u00f5es sobre o pacote para Jornada Mundial da Juventude saindo de Aracaju, entre em contato com os seguintes contatos: www.movimentoauxilia.com\/jmj2019 ou (79)3085-2402<\/div>\n<div><\/div>\n<div>Por: Auxilia<\/div>\n<div><\/div>\n<div>Fonte:Arquidiocese de Aracaju<\/div>\n","protected":false},"excerpt":{"rendered":"<p>Um ano depois de Crac\u00f3via ter acolhido milhares de jovens cat\u00f3licos do mundo inteiro para um encontro com o papa Francisco, a juventude come\u00e7a a se preparar para embarcar para cidade do Panam\u00e1, sede da Jornada Mundial da Juventude 2019. A Sergipana Fl\u00e1via Tauane, 25 anos, participou da edi\u00e7\u00e3o do Rio de Janeiro que acolheu&nbsp;<\/p>\n<p><a class=\"btn btn-style\" href=\"https:\/\/portalcatolico.net\/portal\/materia-jovens-sergipanos-se-preparam-para-jmj-panama-2019\/\">Continue Reading<\/a><\/p>\n","protected":false},"author":2,"featured_media":34917,"comment_status":"open","ping_status":"open","sticky":false,"template":"","format":"standard","meta":{"footnotes":""},"categories":[3],"tags":[],"class_list":["post-34916","post","type-post","status-publish","format-standard","has-post-thumbnail","hentry","category-noticias_regionais"],"_links":{"self":[{"href":"https:\/\/portalcatolico.net\/portal\/wp-json\/wp\/v2\/posts\/34916","targetHints":{"allow":["GET"]}}],"collection":[{"href":"https:\/\/portalcatolico.net\/portal\/wp-json\/wp\/v2\/posts"}],"about":[{"href":"https:\/\/portalcatolico.net\/portal\/wp-json\/wp\/v2\/types\/post"}],"author":[{"embeddable":true,"href":"https:\/\/portalcatolico.net\/portal\/wp-json\/wp\/v2\/users\/2"}],"replies":[{"embeddable":true,"href":"https:\/\/portalcatolico.net\/portal\/wp-json\/wp\/v2\/comments?post=34916"}],"version-history":[{"count":1,"href":"https:\/\/portalcatolico.net\/portal\/wp-json\/wp\/v2\/posts\/34916\/revisions"}],"predecessor-version":[{"id":34918,"href":"https:\/\/portalcatolico.net\/portal\/wp-json\/wp\/v2\/posts\/34916\/revisions\/34918"}],"wp:featuredmedia":[{"embeddable":true,"href":"https:\/\/portalcatolico.net\/portal\/wp-json\/wp\/v2\/media\/34917"}],"wp:attachment":[{"href":"https:\/\/portalcatolico.net\/portal\/wp-json\/wp\/v2\/media?parent=34916"}],"wp:term":[{"taxonomy":"category","embeddable":true,"href":"https:\/\/portalcatolico.net\/portal\/wp-json\/wp\/v2\/categories?post=34916"},{"taxonomy":"post_tag","embeddable":true,"href":"https:\/\/portalcatolico.net\/portal\/wp-json\/wp\/v2\/tags?post=34916"}],"curies":[{"name":"wp","href":"https:\/\/api.w.org\/{rel}","templated":true}]}}