{"id":34913,"date":"2017-08-20T07:32:38","date_gmt":"2017-08-20T10:32:38","guid":{"rendered":"http:\/\/portalcatolico.net\/portal\/?p=34913"},"modified":"2017-08-20T07:32:38","modified_gmt":"2017-08-20T10:32:38","slug":"barcelona-a-violencia-cega-ofensa-gravissima-ao-criador","status":"publish","type":"post","link":"https:\/\/portalcatolico.net\/portal\/barcelona-a-violencia-cega-ofensa-gravissima-ao-criador\/","title":{"rendered":"Barcelona: \u201ca viol\u00eancia cega\u201d, \u201cofensa grav\u00edssima ao Criador\u201d"},"content":{"rendered":"<p>Mensagem do Papa Francisco<\/p>\n<p><span id=\"testo-articolo\" tabindex=\"0\">\u201cO Santo Padre condena a viol\u00eancia cega que \u00e9 uma ofensa grav\u00edssima ao Criador e eleva sua ora\u00e7\u00e3o ao Alt\u00edssimo para que nos ajude a seguir trabalhando com determina\u00e7\u00e3o pela paz e a conc\u00f3rdia no mundo\u201d: <\/span><span tabindex=\"0\">no telegrama enviado esta sexta-feira ao Arcebispo de Barcelona, Dom Juan Jos\u00e9 Omella y Omella, o Papa Francisco condena o atentado na Barcelona (<\/span><span lang=\"pt\">Espanha<\/span><span id=\"testo-articolo\" tabindex=\"0\">).<\/span><\/p>\n<p><span tabindex=\"0\">O Papa expressa ainda \u201cseu mais profundo pesar pelas v\u00edtimas que perderam a vida em uma a\u00e7\u00e3o t\u00e3o desumana e oferece sufr\u00e1gios pelo descanso eterno\u201d.<\/span><\/p>\n<p>Na mensagem assinada pelo Cardeal Secret\u00e1rio de Estado, Pietro Parolin, o Papa diz que \u201cnestes momentos de tristeza e de dor, quer fazer chegar tamb\u00e9m seu apoio e proximidade aos numerosos feridos, a suas fam\u00edlias e a toda a sociedade catal\u00e3 e espanhola\u201d.<\/p>\n<p>Com o desejo de que Deus \u201cnos ajude a seguir trabalhando com determina\u00e7\u00e3o pela paz e a conc\u00f3rdia no mundo\u201d, o Papa \u201cinvoca sobre todas as v\u00edtimas, seus familiares e o querido povo espanhol, a B\u00ean\u00e7\u00e3o Apost\u00f3lica\u201d.<\/p>\n<p>No in\u00edcio da noite de quinta-feira o <span lang=\"pt\">Diretor da Sala de Imprensa da Santa S\u00e9<\/span><span tabindex=\"0\">, Greg Burke, <\/span><span lang=\"pt\">emitiu uma declara\u00e7\u00e3o <\/span><span id=\"testo-articolo\" tabindex=\"0\">dizendo que \u201co Santo Padre est\u00e1 ao lado do povo espanhol, especialmente dos feridos e das fam\u00edlias das v\u00edtimas\u201d .(Zenit)<\/span><\/p>\n","protected":false},"excerpt":{"rendered":"<p>Mensagem do Papa Francisco \u201cO Santo Padre condena a viol\u00eancia cega que \u00e9 uma ofensa grav\u00edssima ao Criador e eleva sua ora\u00e7\u00e3o ao Alt\u00edssimo para que nos ajude a seguir trabalhando com determina\u00e7\u00e3o pela paz e a conc\u00f3rdia no mundo\u201d: no telegrama enviado esta sexta-feira ao Arcebispo de Barcelona, Dom Juan Jos\u00e9 Omella y Omella,&nbsp;<\/p>\n<p><a class=\"btn btn-style\" href=\"https:\/\/portalcatolico.net\/portal\/barcelona-a-violencia-cega-ofensa-gravissima-ao-criador\/\">Continue Reading<\/a><\/p>\n","protected":false},"author":2,"featured_media":34914,"comment_status":"open","ping_status":"open","sticky":false,"template":"","format":"standard","meta":{"footnotes":""},"categories":[5],"tags":[],"class_list":["post-34913","post","type-post","status-publish","format-standard","has-post-thumbnail","hentry","category-igreja_no_mundo"],"_links":{"self":[{"href":"https:\/\/portalcatolico.net\/portal\/wp-json\/wp\/v2\/posts\/34913","targetHints":{"allow":["GET"]}}],"collection":[{"href":"https:\/\/portalcatolico.net\/portal\/wp-json\/wp\/v2\/posts"}],"about":[{"href":"https:\/\/portalcatolico.net\/portal\/wp-json\/wp\/v2\/types\/post"}],"author":[{"embeddable":true,"href":"https:\/\/portalcatolico.net\/portal\/wp-json\/wp\/v2\/users\/2"}],"replies":[{"embeddable":true,"href":"https:\/\/portalcatolico.net\/portal\/wp-json\/wp\/v2\/comments?post=34913"}],"version-history":[{"count":1,"href":"https:\/\/portalcatolico.net\/portal\/wp-json\/wp\/v2\/posts\/34913\/revisions"}],"predecessor-version":[{"id":34915,"href":"https:\/\/portalcatolico.net\/portal\/wp-json\/wp\/v2\/posts\/34913\/revisions\/34915"}],"wp:featuredmedia":[{"embeddable":true,"href":"https:\/\/portalcatolico.net\/portal\/wp-json\/wp\/v2\/media\/34914"}],"wp:attachment":[{"href":"https:\/\/portalcatolico.net\/portal\/wp-json\/wp\/v2\/media?parent=34913"}],"wp:term":[{"taxonomy":"category","embeddable":true,"href":"https:\/\/portalcatolico.net\/portal\/wp-json\/wp\/v2\/categories?post=34913"},{"taxonomy":"post_tag","embeddable":true,"href":"https:\/\/portalcatolico.net\/portal\/wp-json\/wp\/v2\/tags?post=34913"}],"curies":[{"name":"wp","href":"https:\/\/api.w.org\/{rel}","templated":true}]}}