{"id":34015,"date":"2017-08-18T22:56:37","date_gmt":"2017-08-19T01:56:37","guid":{"rendered":"http:\/\/portalcatolico.net\/portal\/?p=34015"},"modified":"2017-08-18T23:19:09","modified_gmt":"2017-08-19T02:19:09","slug":"diocese-de-itabuna-celebra-a-semana-da-familia-confira-a-programacao","status":"publish","type":"post","link":"https:\/\/portalcatolico.net\/portal\/diocese-de-itabuna-celebra-a-semana-da-familia-confira-a-programacao\/","title":{"rendered":"Diocese de Itabuna celebra a Semana da Fam\u00edlia. Confira a programa\u00e7\u00e3o!"},"content":{"rendered":"<p class=\"x_xmsonormal\"><em>A Diocese de Itabuna est\u00e1 em festa devido a realiza\u00e7\u00e3o da Semana da Fam\u00edlia, que est\u00e1 sendo comemorada pelas igrejas em todo o Brasil desde o dia 13 de agosto. Em Itabuna, o evento est\u00e1 acontecendo desde a \u00faltima segunda-feira, na pra\u00e7a Camacan, e segue at\u00e9 o dia 20.<\/em><\/p>\n<p class=\"x_xmsonormal\"><em>A Semana da Fam\u00edlia est\u00e1 em sua 26\u00aa edi\u00e7\u00e3o e o tema escolhido para este ano foi: \u201cFam\u00edlia, uma luz para a vida em sociedade\u201d.<\/em><\/p>\n<p class=\"x_xmsonormal\"><em>Ao todo, quatorze par\u00f3quias\u00a0est\u00e3o participando\u00a0na realiza\u00e7\u00e3o do evento, com seus grupos, movimentos, pastorais e comunidades\u00a0deixando assim, a pra\u00e7a lotada as noites, das 19h \u00e0s 21h. A r\u00e9plica da imagem de Nossa Senhora Aparecida est\u00e1 presente na celebra\u00e7\u00e3o, pois a mesma percorreu as 33 par\u00f3quias da Diocese de Itabuna. Outras imagens tamb\u00e9m passaram por l\u00e1, como a de Nossa Senhora de F\u00e1tima e Santa Rita de C\u00e1ssia.<\/em><\/p>\n<p class=\"x_xmsonormal\"><em>Nesta sexta-feira (18), o evento contou com a presen\u00e7a do bispo diocesano, Dom Carlos Alberto juntamente com padres e di\u00e1conos. \u00a0\u201cN\u00e3o deixe de amar sua fam\u00edlia, abrace sua fam\u00edlia, \u00a0e deixe Jesus tomar conta sua vida e de sua fam\u00edlia\u201d, disse o bispo.<\/em><\/p>\n<p class=\"x_xmsonormal\"><em>Os membros da Pastoral Familiar da Diocese de Itabuna prepararam uma programa\u00e7\u00e3o repleta de m\u00fasica, anima\u00e7\u00e3o, ora\u00e7\u00e3o e reflex\u00e3o com apresenta\u00e7\u00e3o teatral e distribui\u00e7\u00e3o de brindes atrav\u00e9s\u00a0do tema central. No s\u00e1bado (19), haver\u00e1 show com Thiago Brado.<\/em><\/p>\n<p class=\"x_xmsonormal\">J\u00e1 <em>no domingo (20), a partir das 14h,a\u00a0 juventude ir\u00e1 sair do Jardim do \u00d3, em dire\u00e7\u00e3o a Beira Rio, aonde \u00e0s 15h, ocorrer\u00e1\u00a0o encerramento da Semana da Fam\u00edlia com louvor e a Celebra\u00e7\u00e3o Eucar\u00edstica, que ser\u00e1 presidida por Dom Carlos Alberto. S\u00e3o esperados mais de cinco mil cat\u00f3licos neste encerramento.<\/em><\/p>\n<p class=\"x_xmsonormal\">Galeria de fotos das cinco noites:<a href=\"http:\/\/portalcatolico.net\/portal\/index.php\/semana-da-familia-em-itabuna-2\/\"><span style=\"color: #ff0000;\">Clique aqui<\/span><\/a><\/p>\n","protected":false},"excerpt":{"rendered":"<p>A Diocese de Itabuna est\u00e1 em festa devido a realiza\u00e7\u00e3o da Semana da Fam\u00edlia, que est\u00e1 sendo comemorada pelas igrejas em todo o Brasil desde o dia 13 de agosto. Em Itabuna, o evento est\u00e1 acontecendo desde a \u00faltima segunda-feira, na pra\u00e7a Camacan, e segue at\u00e9 o dia 20. A Semana da Fam\u00edlia est\u00e1 em&nbsp;<\/p>\n<p><a class=\"btn btn-style\" href=\"https:\/\/portalcatolico.net\/portal\/diocese-de-itabuna-celebra-a-semana-da-familia-confira-a-programacao\/\">Continue Reading<\/a><\/p>\n","protected":false},"author":2,"featured_media":34016,"comment_status":"open","ping_status":"open","sticky":false,"template":"","format":"standard","meta":{"footnotes":""},"categories":[68],"tags":[],"class_list":["post-34015","post","type-post","status-publish","format-standard","has-post-thumbnail","hentry","category-homilias"],"_links":{"self":[{"href":"https:\/\/portalcatolico.net\/portal\/wp-json\/wp\/v2\/posts\/34015","targetHints":{"allow":["GET"]}}],"collection":[{"href":"https:\/\/portalcatolico.net\/portal\/wp-json\/wp\/v2\/posts"}],"about":[{"href":"https:\/\/portalcatolico.net\/portal\/wp-json\/wp\/v2\/types\/post"}],"author":[{"embeddable":true,"href":"https:\/\/portalcatolico.net\/portal\/wp-json\/wp\/v2\/users\/2"}],"replies":[{"embeddable":true,"href":"https:\/\/portalcatolico.net\/portal\/wp-json\/wp\/v2\/comments?post=34015"}],"version-history":[{"count":3,"href":"https:\/\/portalcatolico.net\/portal\/wp-json\/wp\/v2\/posts\/34015\/revisions"}],"predecessor-version":[{"id":34398,"href":"https:\/\/portalcatolico.net\/portal\/wp-json\/wp\/v2\/posts\/34015\/revisions\/34398"}],"wp:featuredmedia":[{"embeddable":true,"href":"https:\/\/portalcatolico.net\/portal\/wp-json\/wp\/v2\/media\/34016"}],"wp:attachment":[{"href":"https:\/\/portalcatolico.net\/portal\/wp-json\/wp\/v2\/media?parent=34015"}],"wp:term":[{"taxonomy":"category","embeddable":true,"href":"https:\/\/portalcatolico.net\/portal\/wp-json\/wp\/v2\/categories?post=34015"},{"taxonomy":"post_tag","embeddable":true,"href":"https:\/\/portalcatolico.net\/portal\/wp-json\/wp\/v2\/tags?post=34015"}],"curies":[{"name":"wp","href":"https:\/\/api.w.org\/{rel}","templated":true}]}}