{"id":34006,"date":"2017-08-17T16:13:22","date_gmt":"2017-08-17T19:13:22","guid":{"rendered":"http:\/\/portalcatolico.net\/portal\/?p=34006"},"modified":"2017-08-18T16:13:47","modified_gmt":"2017-08-18T19:13:47","slug":"padre-zezinho-responde-o-pastor-agenor-duque-apos-ele-ter-comparado-nossa-senhora-com-uma-garrafa-de-coca-cola","status":"publish","type":"post","link":"https:\/\/portalcatolico.net\/portal\/padre-zezinho-responde-o-pastor-agenor-duque-apos-ele-ter-comparado-nossa-senhora-com-uma-garrafa-de-coca-cola\/","title":{"rendered":"PADRE ZEZINHO RESPONDE O PASTOR AGENOR DUQUE AP\u00d3S ELE TER COMPARADO NOSSA SENHORA COM UMA GARRAFA DE COCA-COLA!!!"},"content":{"rendered":"<div dir=\"auto\" align=\"justify\">&#8220;Ecumenismo \u00e9 o respeito que um crente em Deus tem pelos outros crentes, mesmo que n\u00e3o orem nem creiam do mesmo jeito. Basta-lhes saber que o outro ama o mesmo Deus e que Deus tamb\u00e9m ama os outros crentes. Neste sentido s\u00e3o irm\u00e3os de f\u00e9. E, espero, irm\u00e3os na caridade que Jesus nos ensinou a viver.<\/div>\n<div dir=\"auto\" align=\"justify\">Tenho 76 anos e, pela sua atua\u00e7\u00e3o na TV, o pastor Agenor Duque est\u00e1 a menos tempo pregando a f\u00e9 crist\u00e3! Tamb\u00e9m n\u00e3o conhe\u00e7o seus escritos e sua forma\u00e7\u00e3o em filosofia, sociologia ou teologia. Realmente n\u00e3o sei qual \u00e9 a sua vertente crist\u00e3 !<\/div>\n<div dir=\"auto\" align=\"justify\">Mas recentemente ele nos brindou com uma agress\u00e3o totalmente desnecess\u00e1ria ao ridicularizar uma de nossas imagens de Maria. Temos muitas imagens dela atrav\u00e9s do mundo mostrando que a m\u00e3e de Jesus \u00e9 m\u00e3e para negros, \u00edndios, europeus, esquim\u00f3s, \u00e1rabes, escravos e libertos, porque a vemos vestindo a dores, as vestes e as cruzes de quem sofre.<\/div>\n<div dir=\"auto\" align=\"justify\">O pastor Duque tamb\u00e9m se veste de mendigo e supostamente quer dizer alguma coisa com aquelas vestes de quem sofre e n\u00e3o visa riqueza nem lucro!<\/div>\n<div dir=\"auto\" align=\"justify\">Mas recentemente ele COMPAROU A IMAGEM DE NOSSA SENHORA APARECIDA COM UMA GARRAFA DE COCA- COLA, simbolicamente deixou cair a garrafa dizendo que aquela garrafa n\u00e3o ora, nem ouve , nem pode ajudar a sua plateia-assembleia ! \u00c9 claro que estava ridicularizando nossas imagens e s\u00edmbolos e tamb\u00e9m nossa B\u00edblia, porque a nossa B\u00edblia e as B\u00edblias que imagina que ele usa tamb\u00e9m n\u00e3o falam porque s\u00e3o feitas de papel .<\/div>\n<div dir=\"auto\" align=\"justify\">Quis dizer que \u00e9 mais fiel a Jesus do que n\u00f3s cat\u00f3licos porque ele n\u00e3o pede ora\u00e7\u00e3o \u00e0 m\u00e3e de Jesus nem acredita na intercess\u00e3o dos santos do c\u00e9u, embora ele mesmo na TV intercede por seus fi\u00e9is como santo pastor da terra que ele afirma ser ! Quem ora pelo seus fi\u00e9is est\u00e1 intercedendo. Maria faz a mesma coisa no c\u00e9u onde o Filho a levou. Ou ser\u00e1 que o pastor acha que Jesus ainda n\u00e3o levou sua m\u00e3e para o c\u00e9u ???<\/div>\n<div dir=\"auto\" align=\"justify\"><\/div>\n<div dir=\"auto\" align=\"justify\">1-Esse tipo de prega\u00e7\u00e3o ridicularizando Maria raramente d\u00e1 certo. At\u00e9 mesmo entre seus ouvintes e fi\u00e9is haver\u00e1 crentes chocados com o desrespeito do pregador pela m\u00e3e de Jesus que entre cat\u00f3licos \u00e9 representada em mais de 300 imagens atrav\u00e9s do mundo. Mas \u00e9 a mesma m\u00e3e vestida de outras vestes, como o pastor Duque faz com seu terno, ou com sua t\u00fanica de saco !<\/div>\n<div dir=\"auto\" align=\"justify\">2- Se um advogado cat\u00f3lico quiser processa-lo por desprezo \u00e0 religi\u00e3o e aos s\u00edmbolos da outra igreja ele ter\u00e1 enorme dificuldade em provar que n\u00e3o agrediu a nossa f\u00e9 .<\/div>\n<div dir=\"auto\" align=\"justify\">3- Uma coisa \u00e9 repercutir um v\u00eddeo de outra igreja e mostrar o que eles est\u00e3o pregando ; e outra coisa \u00e9 vilipendiar um culto de outra igreja. Num caso \u00e9 informa\u00e7\u00e3o reproduzida da internet e outra \u00e9 fazer uma prega\u00e7\u00e3o induzindo os fi\u00e9is da sua Igreja a agredirem a outra !<\/div>\n<div dir=\"auto\" align=\"justify\">O pastor Agenor Duque, que se veste de mendigo humilde, nos ofendeu e chamou-nos de ignorantes porque ousamos representar Maria negra em veste azul.<\/div>\n<div dir=\"auto\" align=\"justify\">Acho que ele n\u00e3o lembrou que ele tamb\u00e9m \u00e9 uma imagem ex\u00f3tica, quando ele mesmo entra naquele palco vestido de mendigo para anunciar sua igreja!&#8221;<\/div>\n<div dir=\"auto\" align=\"justify\"><\/div>\n<div dir=\"auto\" align=\"justify\">Por: Pe. Zezinho<\/div>\n<div dir=\"auto\" align=\"justify\"><\/div>\n<div dir=\"auto\" align=\"justify\">Informa\u00e7\u00f5es do site: Na Gra\u00e7a do Esprito<\/div>\n<div dir=\"auto\" align=\"justify\"><\/div>\n","protected":false},"excerpt":{"rendered":"<p>&#8220;Ecumenismo \u00e9 o respeito que um crente em Deus tem pelos outros crentes, mesmo que n\u00e3o orem nem creiam do mesmo jeito. Basta-lhes saber que o outro ama o mesmo Deus e que Deus tamb\u00e9m ama os outros crentes. Neste sentido s\u00e3o irm\u00e3os de f\u00e9. E, espero, irm\u00e3os na caridade que Jesus nos ensinou a&nbsp;<\/p>\n<p><a class=\"btn btn-style\" href=\"https:\/\/portalcatolico.net\/portal\/padre-zezinho-responde-o-pastor-agenor-duque-apos-ele-ter-comparado-nossa-senhora-com-uma-garrafa-de-coca-cola\/\">Continue Reading<\/a><\/p>\n","protected":false},"author":2,"featured_media":34007,"comment_status":"open","ping_status":"open","sticky":false,"template":"","format":"standard","meta":{"footnotes":""},"categories":[4],"tags":[],"class_list":["post-34006","post","type-post","status-publish","format-standard","has-post-thumbnail","hentry","category-destaques"],"_links":{"self":[{"href":"https:\/\/portalcatolico.net\/portal\/wp-json\/wp\/v2\/posts\/34006","targetHints":{"allow":["GET"]}}],"collection":[{"href":"https:\/\/portalcatolico.net\/portal\/wp-json\/wp\/v2\/posts"}],"about":[{"href":"https:\/\/portalcatolico.net\/portal\/wp-json\/wp\/v2\/types\/post"}],"author":[{"embeddable":true,"href":"https:\/\/portalcatolico.net\/portal\/wp-json\/wp\/v2\/users\/2"}],"replies":[{"embeddable":true,"href":"https:\/\/portalcatolico.net\/portal\/wp-json\/wp\/v2\/comments?post=34006"}],"version-history":[{"count":1,"href":"https:\/\/portalcatolico.net\/portal\/wp-json\/wp\/v2\/posts\/34006\/revisions"}],"predecessor-version":[{"id":34008,"href":"https:\/\/portalcatolico.net\/portal\/wp-json\/wp\/v2\/posts\/34006\/revisions\/34008"}],"wp:featuredmedia":[{"embeddable":true,"href":"https:\/\/portalcatolico.net\/portal\/wp-json\/wp\/v2\/media\/34007"}],"wp:attachment":[{"href":"https:\/\/portalcatolico.net\/portal\/wp-json\/wp\/v2\/media?parent=34006"}],"wp:term":[{"taxonomy":"category","embeddable":true,"href":"https:\/\/portalcatolico.net\/portal\/wp-json\/wp\/v2\/categories?post=34006"},{"taxonomy":"post_tag","embeddable":true,"href":"https:\/\/portalcatolico.net\/portal\/wp-json\/wp\/v2\/tags?post=34006"}],"curies":[{"name":"wp","href":"https:\/\/api.w.org\/{rel}","templated":true}]}}