{"id":34002,"date":"2017-08-17T15:46:42","date_gmt":"2017-08-17T18:46:42","guid":{"rendered":"http:\/\/portalcatolico.net\/portal\/?p=34002"},"modified":"2017-08-18T15:46:56","modified_gmt":"2017-08-18T18:46:56","slug":"festa-em-honra-a-nossa-senhora-da-gloria","status":"publish","type":"post","link":"https:\/\/portalcatolico.net\/portal\/festa-em-honra-a-nossa-senhora-da-gloria\/","title":{"rendered":"FESTA EM HONRA \u00c1 NOSSA SENHORA DA GL\u00d3RIA"},"content":{"rendered":"<p>Festa em Honra a Nossa Senhora da Gl\u00f3ria de 17 a 19 de agosto, sempre as 19h Santa Missa, Padroeira do Distrito de Mutuns, Paroquia de Santa In\u00eas com o tema central: Por Maria a Jesus. Nesta primeira noite do tr\u00edduo foi presidido pelo Bispo Dom Carlos Alberto dos Santos e concelebrado pelo padre Ac\u00e1ssio Alves da Silva.<br \/>\nEm sua explana\u00e7\u00e3o Dom Carlos enfatizou: \u201cVoc\u00ea \u00e9 todo de Deus? Por que somos imagem e semelhan\u00e7a dele, somos verdadeiras igrejas vivas templo do Espirito Santo que anuncia a miseric\u00f3rdia do Pai. Ser\u00e1 que agradecemos a Deus pelos momentos de nossa vida ou apenas reclamamos? Temos que ser diferentes em uma sociedade que s\u00f3 nos oferece o que n\u00e3o presta pela grande m\u00eddia\u2026 temos que perdoar n\u00e3o sete vezes, mais sempre em nos vida, a exemplo de Maria modelo para a nossa vida, Ela nos pede que fa\u00e7amos tudo o que Ele (Cristo) nos pede, que sejamos verdadeiros disc\u00edpulos dele.<br \/>\nMaria foi a primeiro (a) discipulo de Cristo, ela foi escolhida por Deus para ser a m\u00e3e do Salvador Jesus Cristo, no seu discipulado Maria n\u00e3o mede esfor\u00e7os e vai \u00e0 casa da sua prima Isabel visita, por que ficara sabendo da boca do anjo que sua prima estava gravida mesmo coma a idade avan\u00e7ada, por que para Deus nada \u00e9 imposs\u00edvel\u201d.<br \/>\nQue a exemplo de Nossa Senhora da Gl\u00f3ria sejamos verdadeiros Crist\u00e3os, comprometidos com a miss\u00e3o a n\u00f3s confiada.<\/p>\n<p>Informa\u00e7\u00f5es e foto Diocese de Itabuna<\/p>\n<p>Galeria de fotos.<a href=\"http:\/\/diocesedeitabuna.com.br\/festa-em-honra-a-nossa-senhora-da-gloria-padroeira-do-distrito-de-mutuns\/\"><span style=\"color: #ff0000;\">Clique aqui<\/span><\/a><\/p>\n","protected":false},"excerpt":{"rendered":"<p>Festa em Honra a Nossa Senhora da Gl\u00f3ria de 17 a 19 de agosto, sempre as 19h Santa Missa, Padroeira do Distrito de Mutuns, Paroquia de Santa In\u00eas com o tema central: Por Maria a Jesus. Nesta primeira noite do tr\u00edduo foi presidido pelo Bispo Dom Carlos Alberto dos Santos e concelebrado pelo padre Ac\u00e1ssio&nbsp;<\/p>\n<p><a class=\"btn btn-style\" href=\"https:\/\/portalcatolico.net\/portal\/festa-em-honra-a-nossa-senhora-da-gloria\/\">Continue Reading<\/a><\/p>\n","protected":false},"author":2,"featured_media":34003,"comment_status":"open","ping_status":"open","sticky":false,"template":"","format":"standard","meta":{"footnotes":""},"categories":[68],"tags":[],"class_list":["post-34002","post","type-post","status-publish","format-standard","has-post-thumbnail","hentry","category-homilias"],"_links":{"self":[{"href":"https:\/\/portalcatolico.net\/portal\/wp-json\/wp\/v2\/posts\/34002","targetHints":{"allow":["GET"]}}],"collection":[{"href":"https:\/\/portalcatolico.net\/portal\/wp-json\/wp\/v2\/posts"}],"about":[{"href":"https:\/\/portalcatolico.net\/portal\/wp-json\/wp\/v2\/types\/post"}],"author":[{"embeddable":true,"href":"https:\/\/portalcatolico.net\/portal\/wp-json\/wp\/v2\/users\/2"}],"replies":[{"embeddable":true,"href":"https:\/\/portalcatolico.net\/portal\/wp-json\/wp\/v2\/comments?post=34002"}],"version-history":[{"count":1,"href":"https:\/\/portalcatolico.net\/portal\/wp-json\/wp\/v2\/posts\/34002\/revisions"}],"predecessor-version":[{"id":34004,"href":"https:\/\/portalcatolico.net\/portal\/wp-json\/wp\/v2\/posts\/34002\/revisions\/34004"}],"wp:featuredmedia":[{"embeddable":true,"href":"https:\/\/portalcatolico.net\/portal\/wp-json\/wp\/v2\/media\/34003"}],"wp:attachment":[{"href":"https:\/\/portalcatolico.net\/portal\/wp-json\/wp\/v2\/media?parent=34002"}],"wp:term":[{"taxonomy":"category","embeddable":true,"href":"https:\/\/portalcatolico.net\/portal\/wp-json\/wp\/v2\/categories?post=34002"},{"taxonomy":"post_tag","embeddable":true,"href":"https:\/\/portalcatolico.net\/portal\/wp-json\/wp\/v2\/tags?post=34002"}],"curies":[{"name":"wp","href":"https:\/\/api.w.org\/{rel}","templated":true}]}}