{"id":33998,"date":"2017-08-18T06:05:27","date_gmt":"2017-08-18T09:05:27","guid":{"rendered":"http:\/\/portalcatolico.net\/portal\/?p=33998"},"modified":"2017-08-18T06:05:27","modified_gmt":"2017-08-18T09:05:27","slug":"show-de-thiago-brado-acontece-neste-sabado-em-itabuna","status":"publish","type":"post","link":"https:\/\/portalcatolico.net\/portal\/show-de-thiago-brado-acontece-neste-sabado-em-itabuna\/","title":{"rendered":"Show de Thiago Brado acontece neste s\u00e1bado em Itabuna"},"content":{"rendered":"<p class=\"x_xmsonospacing\"><em>Thiago Brado, um dos cantores cat\u00f3licos de maiores sucesso \u00a0atualmente, estar\u00e1 em Itabuna (BA), com mais uma participa\u00e7\u00e3o cheia de f\u00e9.<\/em><\/p>\n<p class=\"x_xmsonospacing\"><em>O cantor, compositor e mission\u00e1rio, far\u00e1 um grande show para diversas caravanas e fieis que aguardam ansiosamente por este momento.<\/em><\/p>\n<p class=\"x_xmsonospacing\"><em>O show acontecer\u00e1 na Avenida Beira Rio pr\u00f3xima \u00e0 C\u00e2mara Municipal de Vereadores de Itabuna, \u00e0s 19h. E ser\u00e1 dedicado \u00e0 fam\u00edlia como parte da Semana Nacional da Fam\u00edlia que est\u00e1 acontecendo na Diocese de Itabuna desde o domingo (13), quando teve a abertura oficial.<\/em><\/p>\n<p class=\"x_xmsonospacing\"><em>Os ingressos j\u00e1 est\u00e3o sendo vendidos em v\u00e1rios locais em Itabuna, como nas livrarias cat\u00f3licas, na Pra\u00e7a Camacan, na loja Renata Cal\u00e7ados, e com os membros da Pastoral Familiar. O valor do ingresso \u00e9 20 reais.<\/em><\/p>\n<p class=\"x_xmsonospacing\"><em>Para outras informa\u00e7\u00f5es, entre em contato pelos telefones (73)98858-8831 ou 98817-2209.<\/em><\/p>\n<p class=\"x_xmsonospacing\"><em>\u00a0<\/em><\/p>\n<p class=\"x_xmsonospacing\"><em>\u00a0Por Reda\u00e7\u00e3o Portal Cat\u00f3lico.net<\/em><\/p>\n","protected":false},"excerpt":{"rendered":"<p>Thiago Brado, um dos cantores cat\u00f3licos de maiores sucesso \u00a0atualmente, estar\u00e1 em Itabuna (BA), com mais uma participa\u00e7\u00e3o cheia de f\u00e9. O cantor, compositor e mission\u00e1rio, far\u00e1 um grande show para diversas caravanas e fieis que aguardam ansiosamente por este momento. O show acontecer\u00e1 na Avenida Beira Rio pr\u00f3xima \u00e0 C\u00e2mara Municipal de Vereadores de&nbsp;<\/p>\n<p><a class=\"btn btn-style\" href=\"https:\/\/portalcatolico.net\/portal\/show-de-thiago-brado-acontece-neste-sabado-em-itabuna\/\">Continue Reading<\/a><\/p>\n","protected":false},"author":2,"featured_media":33999,"comment_status":"open","ping_status":"open","sticky":false,"template":"","format":"standard","meta":{"footnotes":""},"categories":[4],"tags":[],"class_list":["post-33998","post","type-post","status-publish","format-standard","has-post-thumbnail","hentry","category-destaques"],"_links":{"self":[{"href":"https:\/\/portalcatolico.net\/portal\/wp-json\/wp\/v2\/posts\/33998","targetHints":{"allow":["GET"]}}],"collection":[{"href":"https:\/\/portalcatolico.net\/portal\/wp-json\/wp\/v2\/posts"}],"about":[{"href":"https:\/\/portalcatolico.net\/portal\/wp-json\/wp\/v2\/types\/post"}],"author":[{"embeddable":true,"href":"https:\/\/portalcatolico.net\/portal\/wp-json\/wp\/v2\/users\/2"}],"replies":[{"embeddable":true,"href":"https:\/\/portalcatolico.net\/portal\/wp-json\/wp\/v2\/comments?post=33998"}],"version-history":[{"count":1,"href":"https:\/\/portalcatolico.net\/portal\/wp-json\/wp\/v2\/posts\/33998\/revisions"}],"predecessor-version":[{"id":34000,"href":"https:\/\/portalcatolico.net\/portal\/wp-json\/wp\/v2\/posts\/33998\/revisions\/34000"}],"wp:featuredmedia":[{"embeddable":true,"href":"https:\/\/portalcatolico.net\/portal\/wp-json\/wp\/v2\/media\/33999"}],"wp:attachment":[{"href":"https:\/\/portalcatolico.net\/portal\/wp-json\/wp\/v2\/media?parent=33998"}],"wp:term":[{"taxonomy":"category","embeddable":true,"href":"https:\/\/portalcatolico.net\/portal\/wp-json\/wp\/v2\/categories?post=33998"},{"taxonomy":"post_tag","embeddable":true,"href":"https:\/\/portalcatolico.net\/portal\/wp-json\/wp\/v2\/tags?post=33998"}],"curies":[{"name":"wp","href":"https:\/\/api.w.org\/{rel}","templated":true}]}}