{"id":33991,"date":"2017-08-18T05:59:20","date_gmt":"2017-08-18T08:59:20","guid":{"rendered":"http:\/\/portalcatolico.net\/portal\/?p=33991"},"modified":"2017-08-18T05:59:52","modified_gmt":"2017-08-18T08:59:52","slug":"novenario-em-honra-a-nossa-senhora-das-vitorias-comeca-neste-fim-de-semana-em-itabuna","status":"publish","type":"post","link":"https:\/\/portalcatolico.net\/portal\/novenario-em-honra-a-nossa-senhora-das-vitorias-comeca-neste-fim-de-semana-em-itabuna\/","title":{"rendered":"Noven\u00e1rio em honra \u00e0 Nossa Senhora das Vit\u00f3rias come\u00e7a neste fim de semana em Itabuna"},"content":{"rendered":"<p class=\"x_xmsonospacing\"><em>O Noven\u00e1rio na Par\u00f3quia N<\/em><em>ossa Senhora das Vit\u00f3rias em Itabuna\u00a0(BA) <\/em><em>\u00a0tem in\u00edcio dia<\/em><em>\u00a020 e segue at\u00e9 o dia 27\u00a0<\/em><em>de agosto. Ser\u00e1 uma semana de celebra\u00e7\u00e3o e<\/em><em>\u00a0festa de venera\u00e7\u00e3o \u00e0 Nossa Senhora das Vit\u00f3rias, M\u00e3e\u00a0<\/em><em>de Jesus e nossa m\u00e3e. <\/em><em>O evento tem como tema central: \u201c No Ano Mariano, celebramos as maravilhas de Jesus!\u201d<\/em><i><br \/>\n<em>A Par\u00f3quia Nossa Senhora das Vit\u00f3rias \u00e9 pertencente \u00e0 Diocese de Itabuna, tem como p\u00e1roco o padre Gilmar Oliveira e localiza-se no bairro Jardim Vit\u00f3ria.<\/em><\/i><\/p>\n<p class=\"x_xmsonospacing\"><em>Participe<\/em><\/p>\n<p class=\"x_xmsonospacing\">Por Reda\u00e7\u00e3o Portal Cat\u00f3lico.net<\/p>\n","protected":false},"excerpt":{"rendered":"<p>O Noven\u00e1rio na Par\u00f3quia Nossa Senhora das Vit\u00f3rias em Itabuna\u00a0(BA) \u00a0tem in\u00edcio dia\u00a020 e segue at\u00e9 o dia 27\u00a0de agosto. Ser\u00e1 uma semana de celebra\u00e7\u00e3o e\u00a0festa de venera\u00e7\u00e3o \u00e0 Nossa Senhora das Vit\u00f3rias, M\u00e3e\u00a0de Jesus e nossa m\u00e3e. O evento tem como tema central: \u201c No Ano Mariano, celebramos as maravilhas de Jesus!\u201d A Par\u00f3quia&nbsp;<\/p>\n<p><a class=\"btn btn-style\" href=\"https:\/\/portalcatolico.net\/portal\/novenario-em-honra-a-nossa-senhora-das-vitorias-comeca-neste-fim-de-semana-em-itabuna\/\">Continue Reading<\/a><\/p>\n","protected":false},"author":2,"featured_media":33992,"comment_status":"open","ping_status":"open","sticky":false,"template":"","format":"standard","meta":{"footnotes":""},"categories":[2],"tags":[],"class_list":["post-33991","post","type-post","status-publish","format-standard","has-post-thumbnail","hentry","category-eventos"],"_links":{"self":[{"href":"https:\/\/portalcatolico.net\/portal\/wp-json\/wp\/v2\/posts\/33991","targetHints":{"allow":["GET"]}}],"collection":[{"href":"https:\/\/portalcatolico.net\/portal\/wp-json\/wp\/v2\/posts"}],"about":[{"href":"https:\/\/portalcatolico.net\/portal\/wp-json\/wp\/v2\/types\/post"}],"author":[{"embeddable":true,"href":"https:\/\/portalcatolico.net\/portal\/wp-json\/wp\/v2\/users\/2"}],"replies":[{"embeddable":true,"href":"https:\/\/portalcatolico.net\/portal\/wp-json\/wp\/v2\/comments?post=33991"}],"version-history":[{"count":2,"href":"https:\/\/portalcatolico.net\/portal\/wp-json\/wp\/v2\/posts\/33991\/revisions"}],"predecessor-version":[{"id":33994,"href":"https:\/\/portalcatolico.net\/portal\/wp-json\/wp\/v2\/posts\/33991\/revisions\/33994"}],"wp:featuredmedia":[{"embeddable":true,"href":"https:\/\/portalcatolico.net\/portal\/wp-json\/wp\/v2\/media\/33992"}],"wp:attachment":[{"href":"https:\/\/portalcatolico.net\/portal\/wp-json\/wp\/v2\/media?parent=33991"}],"wp:term":[{"taxonomy":"category","embeddable":true,"href":"https:\/\/portalcatolico.net\/portal\/wp-json\/wp\/v2\/categories?post=33991"},{"taxonomy":"post_tag","embeddable":true,"href":"https:\/\/portalcatolico.net\/portal\/wp-json\/wp\/v2\/tags?post=33991"}],"curies":[{"name":"wp","href":"https:\/\/api.w.org\/{rel}","templated":true}]}}