{"id":33988,"date":"2017-08-18T05:54:00","date_gmt":"2017-08-18T08:54:00","guid":{"rendered":"http:\/\/portalcatolico.net\/portal\/?p=33988"},"modified":"2017-08-18T05:54:00","modified_gmt":"2017-08-18T08:54:00","slug":"vem-ai-o-triduo-e-festa-em-homenagem-a-santo-agostinho","status":"publish","type":"post","link":"https:\/\/portalcatolico.net\/portal\/vem-ai-o-triduo-e-festa-em-homenagem-a-santo-agostinho\/","title":{"rendered":"Vem a\u00ed o Tr\u00edduo e Festa em homenagem a Santo Agostinho"},"content":{"rendered":"<p class=\"x_xmsonormal\"><em>O Tr\u00edduo e festa de Santo Agostinho tem in\u00edcio no dia\u00a0 25 e agosto e segue at\u00e9\u00a028 de agosto,<\/em> c<em>om o tema central:\u00a0 \u201cCom Santo Agostinho honrar Maria, m\u00e3e e mestra da igreja\u201d.<\/em><\/p>\n<p class=\"x_xmsonormal\"><em>A \u00a0Comunidade Santo Agostinho\u00a0pertence\u00a0\u00e0\u00a0Par\u00f3quia Senhor do Bonfim, que fica situada no bairro Jardim Primavera em Itabuna (BA) e \u00a0tem como p\u00e1roco, o padre Jos\u00e9\u00a0Alberto Fonseca\u00a0\u00a0Kruschewsky.<\/em><\/p>\n<p class=\"x_xmsonormal\"><em>A comunidade de Santo Agostinho fica situada no N\u00facleo Habitacional da Ceplac, pr\u00f3ximo ao Col\u00e9gio da Pol\u00edcia Militar.<\/em><\/p>\n<p class=\"x_xmsonormal\"><em>Confira a programa\u00e7\u00e3o e participe:<\/em><\/p>\n<p class=\"x_xmsonormal\"><em>\u00a0<\/em><em><strong>Dia 25\/08\/2017<\/strong> \u2013 \u201cO Esp\u00edrito Santo descer\u00e1 sobre ti\u201d. (Lucas 1,35)<\/em><\/p>\n<p class=\"x_xmsonospacing\"><em>Hor\u00e1rio \u2013 19:30<\/em><\/p>\n<p class=\"x_xmsonospacing\"><em>Convidados:\u00a0 Comunidade Santa Clara, Comunidade Sagrado Cora\u00e7\u00e3o de Jesus, Comunidade Nossa Senhora das Gra\u00e7as, Comunidade S\u00e3o Francisco, Comunidade Bom Jesus da Lapa, moradores do N\u00facleo Habitacional da Ceplac e Vila Ot\u00e1vio Menezes.<\/em><\/p>\n<p class=\"x_xmsonospacing\">\n<p class=\"x_xmsonospacing\"><em>\u00a0<strong>Dia 26\/08\/2017<\/strong> \u2013 \u201cMeu esp\u00edrito exulta de alegria\u201d. (Lucas 1, 47)<\/em><\/p>\n<p class=\"x_xmsonospacing\"><em>Hor\u00e1rio \u2013 19:30<\/em><\/p>\n<p class=\"x_xmsonospacing\"><em>Convidados: Pastoral do Batismo, Pastoral Familiar, Pastoral Social, Pastoral da Crian\u00e7a, Pastoral da Catequese, Pastoral do D\u00edzimo, moradores do N\u00facleo Habitacional da Ceplac e Vila Ot\u00e1vio Menezes.<\/em><\/p>\n<p class=\"x_xmsonospacing\"><em>\u00a0<\/em><\/p>\n<p class=\"x_xmsonormal\"><strong>Dia 27\/08\/2017<\/strong>\u00a0\u2013\u00a0\u201cFazei tudo o que Ele vos disser\u201d. (Jo\u00e3o 2,5)<\/p>\n<p class=\"x_xmsonospacing\">Hor\u00e1rio \u2013 17:00<\/p>\n<p class=\"x_xmsonospacing\">Convidados: EJC, Grupo Trindade Santa, M\u00e3e Rainha, Liturgia, JAC, Mece, Ter\u00e7o dos homens, Apostolado da Ora\u00e7\u00e3o, Grupo Senhor do Bonfim, Amor exigente, moradores do N\u00facleo Habitacional da Ceplac e Vila Ot\u00e1vio Menezes.<\/p>\n<p class=\"x_xmsonospacing\">\n<p class=\"x_xmsonospacing\">\u00a0<strong>Dia 28\/08\/2017<\/strong>\u2013 Missa festiva<\/p>\n<p class=\"x_xmsonospacing\">Hor\u00e1rio: 19:30<\/p>\n<p class=\"x_xmsonospacing\">Todos os grupos, movimentos, pastorais e comunidades da par\u00f3quia, moradores do N\u00facleo Habitacional da Ceplac e Vila Ot\u00e1vio Menezes est\u00e3o convidados.<\/p>\n<p class=\"x_xmsonospacing\">Por Reda\u00e7\u00e3o Portal Cat\u00f3lico.net<\/p>\n","protected":false},"excerpt":{"rendered":"<p>O Tr\u00edduo e festa de Santo Agostinho tem in\u00edcio no dia\u00a0 25 e agosto e segue at\u00e9\u00a028 de agosto, com o tema central:\u00a0 \u201cCom Santo Agostinho honrar Maria, m\u00e3e e mestra da igreja\u201d. A \u00a0Comunidade Santo Agostinho\u00a0pertence\u00a0\u00e0\u00a0Par\u00f3quia Senhor do Bonfim, que fica situada no bairro Jardim Primavera em Itabuna (BA) e \u00a0tem como p\u00e1roco, o&nbsp;<\/p>\n<p><a class=\"btn btn-style\" href=\"https:\/\/portalcatolico.net\/portal\/vem-ai-o-triduo-e-festa-em-homenagem-a-santo-agostinho\/\">Continue Reading<\/a><\/p>\n","protected":false},"author":2,"featured_media":33989,"comment_status":"open","ping_status":"open","sticky":false,"template":"","format":"standard","meta":{"footnotes":""},"categories":[1],"tags":[],"class_list":["post-33988","post","type-post","status-publish","format-standard","has-post-thumbnail","hentry","category-agenda"],"_links":{"self":[{"href":"https:\/\/portalcatolico.net\/portal\/wp-json\/wp\/v2\/posts\/33988","targetHints":{"allow":["GET"]}}],"collection":[{"href":"https:\/\/portalcatolico.net\/portal\/wp-json\/wp\/v2\/posts"}],"about":[{"href":"https:\/\/portalcatolico.net\/portal\/wp-json\/wp\/v2\/types\/post"}],"author":[{"embeddable":true,"href":"https:\/\/portalcatolico.net\/portal\/wp-json\/wp\/v2\/users\/2"}],"replies":[{"embeddable":true,"href":"https:\/\/portalcatolico.net\/portal\/wp-json\/wp\/v2\/comments?post=33988"}],"version-history":[{"count":1,"href":"https:\/\/portalcatolico.net\/portal\/wp-json\/wp\/v2\/posts\/33988\/revisions"}],"predecessor-version":[{"id":33990,"href":"https:\/\/portalcatolico.net\/portal\/wp-json\/wp\/v2\/posts\/33988\/revisions\/33990"}],"wp:featuredmedia":[{"embeddable":true,"href":"https:\/\/portalcatolico.net\/portal\/wp-json\/wp\/v2\/media\/33989"}],"wp:attachment":[{"href":"https:\/\/portalcatolico.net\/portal\/wp-json\/wp\/v2\/media?parent=33988"}],"wp:term":[{"taxonomy":"category","embeddable":true,"href":"https:\/\/portalcatolico.net\/portal\/wp-json\/wp\/v2\/categories?post=33988"},{"taxonomy":"post_tag","embeddable":true,"href":"https:\/\/portalcatolico.net\/portal\/wp-json\/wp\/v2\/tags?post=33988"}],"curies":[{"name":"wp","href":"https:\/\/api.w.org\/{rel}","templated":true}]}}