{"id":33982,"date":"2017-08-17T14:45:30","date_gmt":"2017-08-17T17:45:30","guid":{"rendered":"http:\/\/portalcatolico.net\/portal\/?p=33982"},"modified":"2017-08-17T14:46:59","modified_gmt":"2017-08-17T17:46:59","slug":"papa-francisco-nomeia-legado-pontificio-para-festa-dos-300-anos-em-aparecida","status":"publish","type":"post","link":"https:\/\/portalcatolico.net\/portal\/papa-francisco-nomeia-legado-pontificio-para-festa-dos-300-anos-em-aparecida\/","title":{"rendered":"Papa Francisco nomeia legado pontif\u00edcio para festa dos 300 anos em Aparecida"},"content":{"rendered":"<p><a href=\"http:\/\/cnbb.net.br\/papa-francisco-nomeia-legado-pontificio-para-festa-dos-300-anos-em-aparecida\/cardeal-re\/\"><img loading=\"lazy\" decoding=\"async\" class=\"size-medium wp-image-5300 alignleft\" src=\"http:\/\/cnbb.net.br\/wp-content\/uploads\/sites\/32\/2017\/08\/Cardeal-Re-300x166.jpg\" srcset=\"http:\/\/cnbb.net.br\/wp-content\/uploads\/sites\/32\/2017\/08\/Cardeal-Re-300x166.jpg 300w, http:\/\/cnbb.net.br\/wp-content\/uploads\/sites\/32\/2017\/08\/Cardeal-Re.jpg 750w\" alt=\"\" width=\"300\" height=\"166\" \/><\/a>Foi anunciada nesta quinta-feira, dia 17, que o cardeal italiano Giovanni Battista Re, prefeito em\u00e9rito da Congrega\u00e7\u00e3o para os Bispos e presidente em\u00e9rito da Pontif\u00edcia Comiss\u00e3o para a Am\u00e9rica Latina no Vaticano, ir\u00e1 representar o papa Francisco nas celebra\u00e7\u00f5es do Tricenten\u00e1rio do encontro da imagem de Nossa Senhora Aparecida, marcadas para o per\u00edodo de 10 a 12 de outubro, no Santu\u00e1rio Nacional, em Aparecida (SP).<\/p>\n<p>O cardeal Re j\u00e1 esteve no Santu\u00e1rio de Aparecida, em 2007, quando presidiu a V Confer\u00eancia do Episcopado Latino-Americano. Em 2011, esteve novamente no Brasil, por ocasi\u00e3o da Dedica\u00e7\u00e3o Solene da catedral de Santa Maria M\u00e3e de Deus, em Castanhal (PA), em 27 de fevereiro daquele ano. O purpurado, que \u00e9 vice decano do Col\u00e9gio de Cardeais, presidiu o Conclave que elegeu Jorge M\u00e1rio Bergoglio para o minist\u00e9rio petrino, em 2013.<\/p>\n<p><strong>Celebra\u00e7\u00f5es em Aparecida<\/strong><br \/>\nO Jubileu dos 300 anos do encontro da imagem de Nossa Senhora ser\u00e1 conclu\u00eddo com v\u00e1rias atividades. A partir do dia 1\u00ba de outubro, acontecer\u00e1 uma novena preparat\u00f3ria cuja programa\u00e7\u00e3o inicia na alvorada e segue at\u00e9 a novena solene com prega\u00e7\u00e3o dos bispos e transmiss\u00e3o pelos meios de comunica\u00e7\u00e3o do Santu\u00e1rio (TV Aparecida, R\u00e1dio Aparecida e Portal A12.com).<\/p>\n<p>A partir do dia 10, haver\u00e1 programa\u00e7\u00e3o com momentos de ora\u00e7\u00e3o, missas, festivais, coroa\u00e7\u00e3o solene, a inaugura\u00e7\u00e3o da c\u00fapula do Santu\u00e1rio, prociss\u00f5es e homenagens. No dia da padroeira, quando tamb\u00e9m ser\u00e1 conclu\u00eddo o Ano Nacional Mariano, ser\u00e3o mais de 23 horas de atividades em honra a Nossa Senhora.<\/p>\n<p><a href=\"http:\/\/www.a12.com\/santuario-nacional\/institucional\/detalhes\/programacao-da-festa-da-padroeira-2017\">Confira a programa\u00e7\u00e3o completa.<\/a><\/p>\n<p>Informa\u00e7\u00f5es do site oficial da CNBB<\/p>\n","protected":false},"excerpt":{"rendered":"<p>Foi anunciada nesta quinta-feira, dia 17, que o cardeal italiano Giovanni Battista Re, prefeito em\u00e9rito da Congrega\u00e7\u00e3o para os Bispos e presidente em\u00e9rito da Pontif\u00edcia Comiss\u00e3o para a Am\u00e9rica Latina no Vaticano, ir\u00e1 representar o papa Francisco nas celebra\u00e7\u00f5es do Tricenten\u00e1rio do encontro da imagem de Nossa Senhora Aparecida, marcadas para o per\u00edodo de 10&nbsp;<\/p>\n<p><a class=\"btn btn-style\" href=\"https:\/\/portalcatolico.net\/portal\/papa-francisco-nomeia-legado-pontificio-para-festa-dos-300-anos-em-aparecida\/\">Continue Reading<\/a><\/p>\n","protected":false},"author":2,"featured_media":33984,"comment_status":"open","ping_status":"open","sticky":false,"template":"","format":"standard","meta":{"footnotes":""},"categories":[3],"tags":[],"class_list":["post-33982","post","type-post","status-publish","format-standard","has-post-thumbnail","hentry","category-noticias_regionais"],"_links":{"self":[{"href":"https:\/\/portalcatolico.net\/portal\/wp-json\/wp\/v2\/posts\/33982","targetHints":{"allow":["GET"]}}],"collection":[{"href":"https:\/\/portalcatolico.net\/portal\/wp-json\/wp\/v2\/posts"}],"about":[{"href":"https:\/\/portalcatolico.net\/portal\/wp-json\/wp\/v2\/types\/post"}],"author":[{"embeddable":true,"href":"https:\/\/portalcatolico.net\/portal\/wp-json\/wp\/v2\/users\/2"}],"replies":[{"embeddable":true,"href":"https:\/\/portalcatolico.net\/portal\/wp-json\/wp\/v2\/comments?post=33982"}],"version-history":[{"count":2,"href":"https:\/\/portalcatolico.net\/portal\/wp-json\/wp\/v2\/posts\/33982\/revisions"}],"predecessor-version":[{"id":33986,"href":"https:\/\/portalcatolico.net\/portal\/wp-json\/wp\/v2\/posts\/33982\/revisions\/33986"}],"wp:featuredmedia":[{"embeddable":true,"href":"https:\/\/portalcatolico.net\/portal\/wp-json\/wp\/v2\/media\/33984"}],"wp:attachment":[{"href":"https:\/\/portalcatolico.net\/portal\/wp-json\/wp\/v2\/media?parent=33982"}],"wp:term":[{"taxonomy":"category","embeddable":true,"href":"https:\/\/portalcatolico.net\/portal\/wp-json\/wp\/v2\/categories?post=33982"},{"taxonomy":"post_tag","embeddable":true,"href":"https:\/\/portalcatolico.net\/portal\/wp-json\/wp\/v2\/tags?post=33982"}],"curies":[{"name":"wp","href":"https:\/\/api.w.org\/{rel}","templated":true}]}}