{"id":33978,"date":"2017-08-17T13:52:20","date_gmt":"2017-08-17T16:52:20","guid":{"rendered":"http:\/\/portalcatolico.net\/portal\/?p=33978"},"modified":"2017-08-17T13:52:20","modified_gmt":"2017-08-17T16:52:20","slug":"festa-de-nossa-senhora-do-perpetuo-socorro-reune-devotos-na-matriz-da-paroquia-de-mata-escura","status":"publish","type":"post","link":"https:\/\/portalcatolico.net\/portal\/festa-de-nossa-senhora-do-perpetuo-socorro-reune-devotos-na-matriz-da-paroquia-de-mata-escura\/","title":{"rendered":"Festa de Nossa Senhora do Perp\u00e9tuo Socorro re\u00fane devotos na matriz da par\u00f3quia de Mata Escura"},"content":{"rendered":"<p>A par\u00f3quia Nossa Senhora do Perp\u00e9tuo Socorro, em Mata Escura, est\u00e1 em festa. Com o tema \u201cAno Mariano: v\u00e1rios rostos e olhares de um mesmo amor de M\u00e3e\u201d, os fi\u00e9is participam do noven\u00e1rio, que segue at\u00e9 o dia 19 de agosto, sempre \u00e0s 19h30, e culmina com a festa em honra \u00e0 M\u00e3e de Jesus no dia 20, com uma programa\u00e7\u00e3o especial ao longo de todo o dia.<\/p>\n<p>De acordo com o p\u00e1roco, padre Carlos Augusto da Cruz Silva, a festa de Nossa Senhora do Perp\u00e9tuo Socorro \u00e9 tamb\u00e9m uma oportunidade para que a sociedade tenha um novo olhar sobre o bairro de Mata Escura. \u201cO bairro \u00e9 conhecido pela viol\u00eancia, pelas drogas e pela Penitenci\u00e1ria Lemos de Brito. Por\u00e9m, existem muitas coisas bonitas, belas em Mata Escura e que a gente tamb\u00e9m gostaria de divulgar, de mostrar. A realidade da par\u00f3quia, por exemplo, que tem feito um caminho de evangeliza\u00e7\u00e3o. A Igreja na rua tem ajudado a diminuir bastante a viol\u00eancia\u201d, assegura o padre. Segundo ele, o per\u00edodo de prepara\u00e7\u00e3o para a festa da padroeira leva centenas de pessoas \u00e0 comunidade matriz.<\/p>\n<p>A cada noite, durante o noven\u00e1rio, um padre de outra par\u00f3quia \u00e9 convidado a presidir a Missa. No dia 18 a Celebra\u00e7\u00e3o Eucar\u00edstica ter\u00e1 a presid\u00eancia do bispo auxiliar da Arquidiocese de Salvador, Dom Estevam dos Santos Silva Filho. \u201cOs padres convidados v\u00eam de realidades diversas da nossa cidade. Eles t\u00eam ajudado a trazer uma mensagem de paz, de esperan\u00e7a, de amor. A nossa comunidade est\u00e1 mobilizada e n\u00f3s queremos trazer um pouco dessa beleza que \u00e9 a presen\u00e7a da Igreja em Mata Escura\u201d, afirma o padre Carlos Augusto. A comunidade tamb\u00e9m recebe um convite: realizar gestos concretos por meio de doa\u00e7\u00f5es de g\u00eaneros aliment\u00edcios.<\/p>\n<p>Para encerrar os festejos, no dia 20 de agosto os fi\u00e9is participar\u00e3o da Missa dos Comerciantes \u00e0s 6h; Missa dos Devotos, \u00e0s 9h, esta presidida pelo bispo auxiliar, Dom Marco Eug\u00eanio Galr\u00e3o; Missa da Miseric\u00f3rdia, \u00e0s 12h; e Missa Solene, \u00e0s 17h. Por volta das 18h30 ter\u00e1 in\u00edcio a tradicional prociss\u00e3o de Nossa Senhora do Perp\u00e9tuo Socorro, que sair\u00e1 da igreja Matriz at\u00e9 o fim de linha do bairro, retornando para a Matriz, onde haver\u00e1 a b\u00ean\u00e7\u00e3o com o Sant\u00edssimo Sacramento.<\/p>\n<p>Por Assessoria de Comunica\u00e7\u00e3o<\/p>\n<p>Arquidiocese de Salvador<\/p>\n","protected":false},"excerpt":{"rendered":"<p>A par\u00f3quia Nossa Senhora do Perp\u00e9tuo Socorro, em Mata Escura, est\u00e1 em festa. Com o tema \u201cAno Mariano: v\u00e1rios rostos e olhares de um mesmo amor de M\u00e3e\u201d, os fi\u00e9is participam do noven\u00e1rio, que segue at\u00e9 o dia 19 de agosto, sempre \u00e0s 19h30, e culmina com a festa em honra \u00e0 M\u00e3e de Jesus&nbsp;<\/p>\n<p><a class=\"btn btn-style\" href=\"https:\/\/portalcatolico.net\/portal\/festa-de-nossa-senhora-do-perpetuo-socorro-reune-devotos-na-matriz-da-paroquia-de-mata-escura\/\">Continue Reading<\/a><\/p>\n","protected":false},"author":2,"featured_media":33979,"comment_status":"open","ping_status":"open","sticky":false,"template":"","format":"standard","meta":{"footnotes":""},"categories":[4],"tags":[],"class_list":["post-33978","post","type-post","status-publish","format-standard","has-post-thumbnail","hentry","category-destaques"],"_links":{"self":[{"href":"https:\/\/portalcatolico.net\/portal\/wp-json\/wp\/v2\/posts\/33978","targetHints":{"allow":["GET"]}}],"collection":[{"href":"https:\/\/portalcatolico.net\/portal\/wp-json\/wp\/v2\/posts"}],"about":[{"href":"https:\/\/portalcatolico.net\/portal\/wp-json\/wp\/v2\/types\/post"}],"author":[{"embeddable":true,"href":"https:\/\/portalcatolico.net\/portal\/wp-json\/wp\/v2\/users\/2"}],"replies":[{"embeddable":true,"href":"https:\/\/portalcatolico.net\/portal\/wp-json\/wp\/v2\/comments?post=33978"}],"version-history":[{"count":1,"href":"https:\/\/portalcatolico.net\/portal\/wp-json\/wp\/v2\/posts\/33978\/revisions"}],"predecessor-version":[{"id":33980,"href":"https:\/\/portalcatolico.net\/portal\/wp-json\/wp\/v2\/posts\/33978\/revisions\/33980"}],"wp:featuredmedia":[{"embeddable":true,"href":"https:\/\/portalcatolico.net\/portal\/wp-json\/wp\/v2\/media\/33979"}],"wp:attachment":[{"href":"https:\/\/portalcatolico.net\/portal\/wp-json\/wp\/v2\/media?parent=33978"}],"wp:term":[{"taxonomy":"category","embeddable":true,"href":"https:\/\/portalcatolico.net\/portal\/wp-json\/wp\/v2\/categories?post=33978"},{"taxonomy":"post_tag","embeddable":true,"href":"https:\/\/portalcatolico.net\/portal\/wp-json\/wp\/v2\/tags?post=33978"}],"curies":[{"name":"wp","href":"https:\/\/api.w.org\/{rel}","templated":true}]}}