{"id":33975,"date":"2017-08-17T13:48:07","date_gmt":"2017-08-17T16:48:07","guid":{"rendered":"http:\/\/portalcatolico.net\/portal\/?p=33975"},"modified":"2017-08-17T13:48:07","modified_gmt":"2017-08-17T16:48:07","slug":"tony-allysson-se-apresenta-pela-segunda-vez-no-teatro-miguel-falabella","status":"publish","type":"post","link":"https:\/\/portalcatolico.net\/portal\/tony-allysson-se-apresenta-pela-segunda-vez-no-teatro-miguel-falabella\/","title":{"rendered":"Tony Allysson se apresenta pela segunda vez no Teatro Miguel Falabella"},"content":{"rendered":"<div>Considerado um dos maiores nomes da m\u00fasica cat\u00f3lica o cantor <b>Tony Allysson <\/b>levar\u00e1 pela segunda vez ao <b>Teatro Miguel Falabella <\/b>no Rio de Janeiro a turn\u00ea <b>&#8220;Sustenta o Fogo&#8221;<\/b>.<\/div>\n<div><\/div>\n<div>Premiado na catrgoria \u201cInterprete Masculino do Ano\u201d no Trof\u00e9u Louvemos ao Senhor o cantor afirma: <b><i>&#8220;Para mim \u00e9 uma honra poder se apresentar e levar a palavra de Deus para milhares de pessoas nessa que \u00e9 uma das casas mais importantes do pa\u00eds&#8221;<\/i><\/b>.<\/div>\n<div><\/div>\n<div>Por Tiago Camilo<\/div>\n<div>Assessor de Imprensa<\/div>\n","protected":false},"excerpt":{"rendered":"<p>Considerado um dos maiores nomes da m\u00fasica cat\u00f3lica o cantor Tony Allysson levar\u00e1 pela segunda vez ao Teatro Miguel Falabella no Rio de Janeiro a turn\u00ea &#8220;Sustenta o Fogo&#8221;. Premiado na catrgoria \u201cInterprete Masculino do Ano\u201d no Trof\u00e9u Louvemos ao Senhor o cantor afirma: &#8220;Para mim \u00e9 uma honra poder se apresentar e levar a&nbsp;<\/p>\n<p><a class=\"btn btn-style\" href=\"https:\/\/portalcatolico.net\/portal\/tony-allysson-se-apresenta-pela-segunda-vez-no-teatro-miguel-falabella\/\">Continue Reading<\/a><\/p>\n","protected":false},"author":2,"featured_media":33976,"comment_status":"open","ping_status":"open","sticky":false,"template":"","format":"standard","meta":{"footnotes":""},"categories":[2],"tags":[],"class_list":["post-33975","post","type-post","status-publish","format-standard","has-post-thumbnail","hentry","category-eventos"],"_links":{"self":[{"href":"https:\/\/portalcatolico.net\/portal\/wp-json\/wp\/v2\/posts\/33975","targetHints":{"allow":["GET"]}}],"collection":[{"href":"https:\/\/portalcatolico.net\/portal\/wp-json\/wp\/v2\/posts"}],"about":[{"href":"https:\/\/portalcatolico.net\/portal\/wp-json\/wp\/v2\/types\/post"}],"author":[{"embeddable":true,"href":"https:\/\/portalcatolico.net\/portal\/wp-json\/wp\/v2\/users\/2"}],"replies":[{"embeddable":true,"href":"https:\/\/portalcatolico.net\/portal\/wp-json\/wp\/v2\/comments?post=33975"}],"version-history":[{"count":1,"href":"https:\/\/portalcatolico.net\/portal\/wp-json\/wp\/v2\/posts\/33975\/revisions"}],"predecessor-version":[{"id":33977,"href":"https:\/\/portalcatolico.net\/portal\/wp-json\/wp\/v2\/posts\/33975\/revisions\/33977"}],"wp:featuredmedia":[{"embeddable":true,"href":"https:\/\/portalcatolico.net\/portal\/wp-json\/wp\/v2\/media\/33976"}],"wp:attachment":[{"href":"https:\/\/portalcatolico.net\/portal\/wp-json\/wp\/v2\/media?parent=33975"}],"wp:term":[{"taxonomy":"category","embeddable":true,"href":"https:\/\/portalcatolico.net\/portal\/wp-json\/wp\/v2\/categories?post=33975"},{"taxonomy":"post_tag","embeddable":true,"href":"https:\/\/portalcatolico.net\/portal\/wp-json\/wp\/v2\/tags?post=33975"}],"curies":[{"name":"wp","href":"https:\/\/api.w.org\/{rel}","templated":true}]}}