{"id":33971,"date":"2017-08-17T07:39:32","date_gmt":"2017-08-17T10:39:32","guid":{"rendered":"http:\/\/portalcatolico.net\/portal\/?p=33971"},"modified":"2017-08-17T07:39:32","modified_gmt":"2017-08-17T10:39:32","slug":"obras-irma-dulce-e-escolas-de-salvador-se-unem-para-arrecadar-recursos-em-prol-de-unidade-para-pacientes-com-cancer","status":"publish","type":"post","link":"https:\/\/portalcatolico.net\/portal\/obras-irma-dulce-e-escolas-de-salvador-se-unem-para-arrecadar-recursos-em-prol-de-unidade-para-pacientes-com-cancer\/","title":{"rendered":"Obras Irm\u00e3 Dulce e escolas de Salvador se unem para arrecadar recursos em prol de unidade para pacientes com c\u00e2ncer"},"content":{"rendered":"<p>Estudantes e professores de diversas escolas de Salvador est\u00e3o aderindo esta semana \u00e0 nova campanha das Obras Sociais Irm\u00e3 Dulce em benef\u00edcio da popula\u00e7\u00e3o mais necessitada. O objetivo \u00e9 arrecadar recursos para a reforma e aquisi\u00e7\u00e3o de equipamentos da Unidade Dona Dulce, espa\u00e7o que ser\u00e1 destinado ao atendimento de pacientes oncol\u00f3gicos assistidos pela institui\u00e7\u00e3o do Anjo Bom. Batizada de \u201cTijolinhos de Solidariedade\u201d, a campanha consiste na venda de \u201ctijolinhos\u201d que simbolizam a contribui\u00e7\u00e3o de cada um para que a nova unidade seja erguida. O projeto vem sendo apresentado aos alunos de escolas do ensino Fundamental e M\u00e9dio da capital baiana atrav\u00e9s de visitas das integrantes da Rede Amigas de Dulce (grupo de mulheres volunt\u00e1rias que atuam na organiza\u00e7\u00e3o de iniciativas em prol da OSID). A partir desses encontros, vem sendo formada uma verdadeira corrente do bem, com as comunidades escolares abra\u00e7ando novas a\u00e7\u00f5es para a promo\u00e7\u00e3o dos tijolinhos.<\/p>\n<p>Al\u00e9m de estimular a solidariedade e o engajamento social em crian\u00e7as e jovens, a campanha tamb\u00e9m \u00e9 uma forma de apresentar \u00e0s novas gera\u00e7\u00f5es o legado de amor e caridade da M\u00e3e dos Pobres. \u201cQueremos promover o envolvimento de institui\u00e7\u00f5es de ensino para mostrar aos estudantes e \u00e0s suas fam\u00edlias a import\u00e2ncia do legado de Irm\u00e3 Dulce e de tudo o que tem sido feito por meio das Obras Sociais\u201d, declara a superintendente da OSID, Maria Rita Pontes.\u00a0\u201cBuscando a parceria com as escolas queremos despertar a cultura do voluntariado e aproximar os jovens das Obras Sociais Irm\u00e3 Dulce, mostrando a import\u00e2ncia dos servi\u00e7os prestados pela institui\u00e7\u00e3o aos mais carentes e a necessidade de todos ajudarem a perpetuar os trabalhos de Irm\u00e3 Dulce\u201d, ressalta a coordenadora geral da Rede Amigas de Dulce, Rosemma Maluf.<\/p>\n<p>Dezoito escolas j\u00e1 garantiram participa\u00e7\u00e3o no projeto: Sacramentinas, M\u00f3dulo Criarte, Nossa Inf\u00e2ncia, Ant\u00f4nio Vieira, Pequen\u00f3polis, Kimimo, Apoio (Vilas do Atl\u00e2ntico), Anchieta, Tempo de Crian\u00e7a, Doril\u00e2ndia, M\u00f3dulo, S\u00e3o Paulo, Sartre Coc, Anchietinha, Col\u00e9gio S\u00e3o Jos\u00e9, Salesiano, Experimental e Nossa Senhora do Salette. Doa\u00e7\u00f5es \u00e0 campanha de requalifica\u00e7\u00e3o da Unidade Dona Dulce tamb\u00e9m podem ser feitas via conta banc\u00e1ria:\u00a0Banco Bradesco\u00a0\/\u00a0Ag\u00eancia 2864-9\u00a0\/\u00a0Conta Corrente 451-0.<\/p>\n<p><strong>OSID em n\u00fameros<\/strong>\u00a0\u2013 Com 58 anos de funda\u00e7\u00e3o, as Obras Sociais Irm\u00e3 Dulce abrigam atualmente um dos maiores complexos de sa\u00fade com atendimento 100% gratuito do Brasil, com quase 4,5 milh\u00f5es de atendimentos ambulatoriais por ano a usu\u00e1rios do Sistema \u00danico de Sa\u00fade (SUS), incluindo idosos, pessoas com defici\u00eancia e com deformidades craniofaciais, crian\u00e7as e adolescentes em situa\u00e7\u00e3o de risco social, dependentes de subst\u00e2ncias psicoativas e pessoas em situa\u00e7\u00e3o de rua. Somente em Salvador, s\u00e3o 954 leitos hospitalares e cerca de 2 mil pessoas atendidas diariamente na sede da OSID. A entidade tamb\u00e9m responde anualmente pela realiza\u00e7\u00e3o de 10 mil cirurgias e 16,5 mil internamentos, al\u00e9m de 1,3 milh\u00e3o de refei\u00e7\u00f5es servidas a seus pacientes. Mais de\u00a04 mil profissionais trabalham na institui\u00e7\u00e3o filantr\u00f3pica, sendo mais de 2 mil funcion\u00e1rios somente no complexo da capital baiana, local onde atuam ainda 320 m\u00e9dicos e 125 volunt\u00e1rios.<\/p>\n<p>Informa\u00e7\u00f5es: OSID e Arquidiocese de Salvador<\/p>\n<p>Foto de capa: Sara Gomes<\/p>\n","protected":false},"excerpt":{"rendered":"<p>Estudantes e professores de diversas escolas de Salvador est\u00e3o aderindo esta semana \u00e0 nova campanha das Obras Sociais Irm\u00e3 Dulce em benef\u00edcio da popula\u00e7\u00e3o mais necessitada. O objetivo \u00e9 arrecadar recursos para a reforma e aquisi\u00e7\u00e3o de equipamentos da Unidade Dona Dulce, espa\u00e7o que ser\u00e1 destinado ao atendimento de pacientes oncol\u00f3gicos assistidos pela institui\u00e7\u00e3o do&nbsp;<\/p>\n<p><a class=\"btn btn-style\" href=\"https:\/\/portalcatolico.net\/portal\/obras-irma-dulce-e-escolas-de-salvador-se-unem-para-arrecadar-recursos-em-prol-de-unidade-para-pacientes-com-cancer\/\">Continue Reading<\/a><\/p>\n","protected":false},"author":2,"featured_media":33972,"comment_status":"open","ping_status":"open","sticky":false,"template":"","format":"standard","meta":{"footnotes":""},"categories":[3],"tags":[],"class_list":["post-33971","post","type-post","status-publish","format-standard","has-post-thumbnail","hentry","category-noticias_regionais"],"_links":{"self":[{"href":"https:\/\/portalcatolico.net\/portal\/wp-json\/wp\/v2\/posts\/33971","targetHints":{"allow":["GET"]}}],"collection":[{"href":"https:\/\/portalcatolico.net\/portal\/wp-json\/wp\/v2\/posts"}],"about":[{"href":"https:\/\/portalcatolico.net\/portal\/wp-json\/wp\/v2\/types\/post"}],"author":[{"embeddable":true,"href":"https:\/\/portalcatolico.net\/portal\/wp-json\/wp\/v2\/users\/2"}],"replies":[{"embeddable":true,"href":"https:\/\/portalcatolico.net\/portal\/wp-json\/wp\/v2\/comments?post=33971"}],"version-history":[{"count":1,"href":"https:\/\/portalcatolico.net\/portal\/wp-json\/wp\/v2\/posts\/33971\/revisions"}],"predecessor-version":[{"id":33973,"href":"https:\/\/portalcatolico.net\/portal\/wp-json\/wp\/v2\/posts\/33971\/revisions\/33973"}],"wp:featuredmedia":[{"embeddable":true,"href":"https:\/\/portalcatolico.net\/portal\/wp-json\/wp\/v2\/media\/33972"}],"wp:attachment":[{"href":"https:\/\/portalcatolico.net\/portal\/wp-json\/wp\/v2\/media?parent=33971"}],"wp:term":[{"taxonomy":"category","embeddable":true,"href":"https:\/\/portalcatolico.net\/portal\/wp-json\/wp\/v2\/categories?post=33971"},{"taxonomy":"post_tag","embeddable":true,"href":"https:\/\/portalcatolico.net\/portal\/wp-json\/wp\/v2\/tags?post=33971"}],"curies":[{"name":"wp","href":"https:\/\/api.w.org\/{rel}","templated":true}]}}