{"id":33967,"date":"2017-08-16T16:31:48","date_gmt":"2017-08-16T19:31:48","guid":{"rendered":"http:\/\/portalcatolico.net\/portal\/?p=33967"},"modified":"2017-08-16T16:31:48","modified_gmt":"2017-08-16T19:31:48","slug":"nas-ferias-papa-francisco-trata-de-um-problema-de-saude-diz-revista-italiana","status":"publish","type":"post","link":"https:\/\/portalcatolico.net\/portal\/nas-ferias-papa-francisco-trata-de-um-problema-de-saude-diz-revista-italiana\/","title":{"rendered":"Nas f\u00e9rias, Papa Francisco trata de um problema de sa\u00fade, diz revista italiana"},"content":{"rendered":"<p>O Papa Francisco teria aproveitado as f\u00e9rias de ver\u00e3o para tratar alguns problemas de sa\u00fade, especialmente o nervo ci\u00e1tico, onde sente dor h\u00e1 algum tempo, segundo revelou a revista \u201cFamiglia Cristiana\u201d.<\/p>\n<p>O Pont\u00edfice argentino dedicou as suas f\u00e9rias na Casa Santa Marta \u00e0 leitura, \u00e0 ora\u00e7\u00e3o e \u00e0 prepara\u00e7\u00e3o das suas pr\u00f3ximas viagens apost\u00f3licas.<\/p>\n<p>Para deixar para tr\u00e1s este problema de sa\u00fade, o m\u00e9dico teria aconselhado que duas vezes por semana se submetesse a massagem e aplicasse algumas inje\u00e7\u00f5es para aliviar a dor nas pernas, de acordo com informa\u00e7\u00f5es fornecidas pelo seman\u00e1rio italiano.<\/p>\n<p>Na sua primeira entrevista com os jornalistas no voo de volta da sua visita ao Brasil, depois da Jornada Mundial da Juventude no Rio de Janeiro em 2013, Francisco disse que \u201ca pior coisa que aconteceu comigo desde que eu sou Papa \u00e9 a dor no nervo ci\u00e1tico\u201d.<\/p>\n<p>Durante o m\u00eas de julho, o Santo Padre n\u00e3o realizou nenhuma Audi\u00eancia Geral, apenas rezou a ora\u00e7\u00e3o do \u00c2ngelus aos domingos. As audi\u00eancias gerais foram retomadas na primeira semana de agosto na Sala Paulo VI, e n\u00e3o na Pra\u00e7a de S\u00e3o Pedro a fim de evitar o intenso calor romano.<\/p>\n<p>Este \u00e9 o quinto ver\u00e3o que o Pont\u00edfice permanece em Roma. Mais uma vez ele decidiu n\u00e3o ir para a resid\u00eancia de ver\u00e3o dos Papas: Castelgandolfo.<\/p>\n<p>De fato, decidiu que grande parte desta resid\u00eancia fosse transformada em um museu onde os visitantes podem admirar tanto as roupas dos Pont\u00edfices, assim como os pr\u00f3prios quartos dos Papas.<\/p>\n<p>Mas isso n\u00e3o \u00e9 algo estranho em Francisco, porque, quando era Arcebispo de Buenos Aires, tamb\u00e9m n\u00e3o saia da cidade, como costumam fazer as outras pessoas. Preferia ficar em sua casa, lendo, preparando o novo curso e, \u00e9 claro, atendendo todos que precisavam de conselhos ou de ajuda.<\/p>\n<p>\u201cA \u00faltima vez que tirei f\u00e9rias longe de casa foi em 1975&#8230; Desde ent\u00e3o tiro f\u00e9rias \u2013 de verdade \u2013 no meu habitat. Mudo de ritmo, durmo mais, leio coisas que me ajudam a estar tranquilo, escuto m\u00fasica, rezo mais&#8230; E tudo isso me ajuda a descansar\u201d, disse aos jornalistas em 2014 ao voltar da viagem \u00e0 Coreia do Sul. (ACI Digital)<\/p>\n<p>Por \u00c1lvaro de Juana<\/p>\n<p>Foto: Daniel Iban\u00e9z<\/p>\n","protected":false},"excerpt":{"rendered":"<p>O Papa Francisco teria aproveitado as f\u00e9rias de ver\u00e3o para tratar alguns problemas de sa\u00fade, especialmente o nervo ci\u00e1tico, onde sente dor h\u00e1 algum tempo, segundo revelou a revista \u201cFamiglia Cristiana\u201d. O Pont\u00edfice argentino dedicou as suas f\u00e9rias na Casa Santa Marta \u00e0 leitura, \u00e0 ora\u00e7\u00e3o e \u00e0 prepara\u00e7\u00e3o das suas pr\u00f3ximas viagens apost\u00f3licas. Para&nbsp;<\/p>\n<p><a class=\"btn btn-style\" href=\"https:\/\/portalcatolico.net\/portal\/nas-ferias-papa-francisco-trata-de-um-problema-de-saude-diz-revista-italiana\/\">Continue Reading<\/a><\/p>\n","protected":false},"author":2,"featured_media":33968,"comment_status":"open","ping_status":"open","sticky":false,"template":"","format":"standard","meta":{"footnotes":""},"categories":[5],"tags":[],"class_list":["post-33967","post","type-post","status-publish","format-standard","has-post-thumbnail","hentry","category-igreja_no_mundo"],"_links":{"self":[{"href":"https:\/\/portalcatolico.net\/portal\/wp-json\/wp\/v2\/posts\/33967","targetHints":{"allow":["GET"]}}],"collection":[{"href":"https:\/\/portalcatolico.net\/portal\/wp-json\/wp\/v2\/posts"}],"about":[{"href":"https:\/\/portalcatolico.net\/portal\/wp-json\/wp\/v2\/types\/post"}],"author":[{"embeddable":true,"href":"https:\/\/portalcatolico.net\/portal\/wp-json\/wp\/v2\/users\/2"}],"replies":[{"embeddable":true,"href":"https:\/\/portalcatolico.net\/portal\/wp-json\/wp\/v2\/comments?post=33967"}],"version-history":[{"count":1,"href":"https:\/\/portalcatolico.net\/portal\/wp-json\/wp\/v2\/posts\/33967\/revisions"}],"predecessor-version":[{"id":33969,"href":"https:\/\/portalcatolico.net\/portal\/wp-json\/wp\/v2\/posts\/33967\/revisions\/33969"}],"wp:featuredmedia":[{"embeddable":true,"href":"https:\/\/portalcatolico.net\/portal\/wp-json\/wp\/v2\/media\/33968"}],"wp:attachment":[{"href":"https:\/\/portalcatolico.net\/portal\/wp-json\/wp\/v2\/media?parent=33967"}],"wp:term":[{"taxonomy":"category","embeddable":true,"href":"https:\/\/portalcatolico.net\/portal\/wp-json\/wp\/v2\/categories?post=33967"},{"taxonomy":"post_tag","embeddable":true,"href":"https:\/\/portalcatolico.net\/portal\/wp-json\/wp\/v2\/tags?post=33967"}],"curies":[{"name":"wp","href":"https:\/\/api.w.org\/{rel}","templated":true}]}}