{"id":33959,"date":"2017-08-15T22:31:25","date_gmt":"2017-08-16T01:31:25","guid":{"rendered":"http:\/\/portalcatolico.net\/portal\/?p=33959"},"modified":"2017-08-15T22:31:25","modified_gmt":"2017-08-16T01:31:25","slug":"evento-paroquial-abordara-namoro-na-adolescencia-em-seminario-inscreva-se","status":"publish","type":"post","link":"https:\/\/portalcatolico.net\/portal\/evento-paroquial-abordara-namoro-na-adolescencia-em-seminario-inscreva-se\/","title":{"rendered":"Evento paroquial abordar\u00e1 Namoro na Adolesc\u00eancia em Semin\u00e1rio. Inscreva-se!"},"content":{"rendered":"<p class=\"x_xmsonormal\">A comunidade de S\u00e3o Francisco de Assis\u00a0pertencente \u00e0 Par\u00f3quia Senhor do Bonfim, situada no bairro Jardim Primavera, em Itabuna (BA) vai realizar o 1\u00aa Semin\u00e1rio Namoro na Adolesc\u00eancia, no dia 20 de agosto das 10 \u00e0s 16h \u00a0no sal\u00e3o \u00a0paroquial da igreja matriz Senhor do Bomfim, bairro Jardim Primavera.<\/p>\n<p class=\"x_xmsonormal\">O valor da inscri\u00e7\u00e3o para participar ser\u00e1 de R$ 5,00 e a idade a partir dos 12 anos.<\/p>\n<p class=\"x_xmsonormal\">Os convidados s\u00e3o: Rafaela Melo (Psic\u00f3loga), Gilmara Carvalho (Graduada em Enfermagem), Luiz Camboim (da Pastoral Familiar Diocesana), Christian Reis e Itana \u00a0Brito (do EJC Jardim Primavera).<\/p>\n<p class=\"x_xmsonormal\">Para outras informa\u00e7\u00f5es sobre o evento, entre em contato por meio dos telefones: (73)3617-9497 ou 98838-4548.<\/p>\n<p class=\"x_xmsonormal\">A realiza\u00e7\u00e3o \u00e9 da Comunidade S\u00e3o Francisco e Par\u00f3quia Senhor do Bonfim, Diocese de Itabuna.<\/p>\n<p class=\"x_xmsonormal\">Foto:Internet<\/p>\n<p class=\"x_MsoNormal\">\u00a0Texto:Portal Cat\u00f3lico.net<\/p>\n","protected":false},"excerpt":{"rendered":"<p>A comunidade de S\u00e3o Francisco de Assis\u00a0pertencente \u00e0 Par\u00f3quia Senhor do Bonfim, situada no bairro Jardim Primavera, em Itabuna (BA) vai realizar o 1\u00aa Semin\u00e1rio Namoro na Adolesc\u00eancia, no dia 20 de agosto das 10 \u00e0s 16h \u00a0no sal\u00e3o \u00a0paroquial da igreja matriz Senhor do Bomfim, bairro Jardim Primavera. O valor da inscri\u00e7\u00e3o para participar&nbsp;<\/p>\n<p><a class=\"btn btn-style\" href=\"https:\/\/portalcatolico.net\/portal\/evento-paroquial-abordara-namoro-na-adolescencia-em-seminario-inscreva-se\/\">Continue Reading<\/a><\/p>\n","protected":false},"author":2,"featured_media":33960,"comment_status":"open","ping_status":"open","sticky":false,"template":"","format":"standard","meta":{"footnotes":""},"categories":[2],"tags":[],"class_list":["post-33959","post","type-post","status-publish","format-standard","has-post-thumbnail","hentry","category-eventos"],"_links":{"self":[{"href":"https:\/\/portalcatolico.net\/portal\/wp-json\/wp\/v2\/posts\/33959","targetHints":{"allow":["GET"]}}],"collection":[{"href":"https:\/\/portalcatolico.net\/portal\/wp-json\/wp\/v2\/posts"}],"about":[{"href":"https:\/\/portalcatolico.net\/portal\/wp-json\/wp\/v2\/types\/post"}],"author":[{"embeddable":true,"href":"https:\/\/portalcatolico.net\/portal\/wp-json\/wp\/v2\/users\/2"}],"replies":[{"embeddable":true,"href":"https:\/\/portalcatolico.net\/portal\/wp-json\/wp\/v2\/comments?post=33959"}],"version-history":[{"count":1,"href":"https:\/\/portalcatolico.net\/portal\/wp-json\/wp\/v2\/posts\/33959\/revisions"}],"predecessor-version":[{"id":33961,"href":"https:\/\/portalcatolico.net\/portal\/wp-json\/wp\/v2\/posts\/33959\/revisions\/33961"}],"wp:featuredmedia":[{"embeddable":true,"href":"https:\/\/portalcatolico.net\/portal\/wp-json\/wp\/v2\/media\/33960"}],"wp:attachment":[{"href":"https:\/\/portalcatolico.net\/portal\/wp-json\/wp\/v2\/media?parent=33959"}],"wp:term":[{"taxonomy":"category","embeddable":true,"href":"https:\/\/portalcatolico.net\/portal\/wp-json\/wp\/v2\/categories?post=33959"},{"taxonomy":"post_tag","embeddable":true,"href":"https:\/\/portalcatolico.net\/portal\/wp-json\/wp\/v2\/tags?post=33959"}],"curies":[{"name":"wp","href":"https:\/\/api.w.org\/{rel}","templated":true}]}}