{"id":33955,"date":"2017-08-15T21:57:32","date_gmt":"2017-08-16T00:57:32","guid":{"rendered":"http:\/\/portalcatolico.net\/portal\/?p=33955"},"modified":"2017-08-15T21:57:32","modified_gmt":"2017-08-16T00:57:32","slug":"fenomeno-na-web-thiago-brado-se-apresentara-em-londrina-pr","status":"publish","type":"post","link":"https:\/\/portalcatolico.net\/portal\/fenomeno-na-web-thiago-brado-se-apresentara-em-londrina-pr\/","title":{"rendered":"Fen\u00f4meno na web, Thiago Brado se apresentar\u00e1 em Londrina-PR"},"content":{"rendered":"<p><i>Cantor promete um show especial para o lan\u00e7amento do seu novo DVD &#8220;Pulsar&#8221; na cidade<\/i><\/p>\n<p>O cantor e mission\u00e1rio Thiago Brado chega \u00e0 Londrina, no s\u00e1bado (25), para o \u00faltimo show da Turn\u00ea Pulsar do m\u00eas de agosto. A apresenta\u00e7\u00e3o acontecer\u00e1 no Espa\u00e7o Dom Bosco um dos locais mais c\u00e9lebres para os cat\u00f3licos de Londrina, interior do Paran\u00e1 e marcar\u00e1 o lan\u00e7amento na cidade de seu mais novo DVD: \u201cPulsar\u201d.<\/p>\n<p>Rodando o pa\u00eds inteiro e levando a palavra e os ensinamentos de Deus com a nova turn\u00ea, Thiago passou por S\u00e3o Paulo, Rio Grande do Norte, Mato Grosso do Sul e Bahia antes de fechar o m\u00eas em seu estado natal Paran\u00e1.<\/p>\n<p>Nascido em Cianorte, se apaixonou por m\u00fasica aos 14 anos, ap\u00f3s assistir uma apresenta\u00e7\u00e3o da Conservat\u00f3rio Musical de sua cidade, interesse este que o fez frequentar aulas de m\u00fasica. Em 2007, conheceu a Renova\u00e7\u00e3o Carism\u00e1tica Cat\u00f3lica, onde entendeu o valor que o canto tem como adora\u00e7\u00e3o, o que acabaria se tornando sua nova paix\u00e3o.<\/p>\n<p>Para a apresenta\u00e7\u00e3o, Thiago cantar\u00e1 para os f\u00e3s, as m\u00fasicas in\u00e9ditas presentes no DVD al\u00e9m dos sucessos de visualiza\u00e7\u00f5es \u201cMinha Ess\u00eancia\u201d e \u201cVerdades Sobre o Tempo\u201d. <strong>\u201cMe sinto aben\u00e7oado pelo pai por poder estar me apresentando em Londrina novamente. A energia \u00e9 fant\u00e1stica, dessa vez ser\u00e1 mais que especial\u201d <\/strong>completou o cantor.<\/p>\n<p><strong>Conhe\u00e7a mais o trabalho de Thiago Brado: <\/strong><a href=\"http:\/\/www.thiagobrado.com.br\/\" target=\"_blank\" rel=\"noopener noreferrer\">\u2022Site<\/a><a href=\"https:\/\/www.facebook.com\/ThiagoBradoOficial\/\" target=\"_blank\" rel=\"noopener noreferrer\"> \u2022Facebook <\/a><a href=\"https:\/\/www.youtube.com\/channel\/UCxWHo-u53GKdWoKzf9wukKw\" target=\"_blank\" rel=\"noopener noreferrer\">\u2022Youtube<\/a>\u00a0<a href=\"http:\/\/www.thiagobrado.com.br\/agenda\/\" target=\"_blank\" rel=\"noopener noreferrer\">\u2022Agenda<\/a><\/p>\n<p>Informa\u00e7\u00f5es e foto:Assessoria \u00a0de imprensa<\/p>\n","protected":false},"excerpt":{"rendered":"<p>Cantor promete um show especial para o lan\u00e7amento do seu novo DVD &#8220;Pulsar&#8221; na cidade O cantor e mission\u00e1rio Thiago Brado chega \u00e0 Londrina, no s\u00e1bado (25), para o \u00faltimo show da Turn\u00ea Pulsar do m\u00eas de agosto. A apresenta\u00e7\u00e3o acontecer\u00e1 no Espa\u00e7o Dom Bosco um dos locais mais c\u00e9lebres para os cat\u00f3licos de Londrina,&nbsp;<\/p>\n<p><a class=\"btn btn-style\" href=\"https:\/\/portalcatolico.net\/portal\/fenomeno-na-web-thiago-brado-se-apresentara-em-londrina-pr\/\">Continue Reading<\/a><\/p>\n","protected":false},"author":2,"featured_media":33956,"comment_status":"open","ping_status":"open","sticky":false,"template":"","format":"standard","meta":{"footnotes":""},"categories":[1],"tags":[],"class_list":["post-33955","post","type-post","status-publish","format-standard","has-post-thumbnail","hentry","category-agenda"],"_links":{"self":[{"href":"https:\/\/portalcatolico.net\/portal\/wp-json\/wp\/v2\/posts\/33955","targetHints":{"allow":["GET"]}}],"collection":[{"href":"https:\/\/portalcatolico.net\/portal\/wp-json\/wp\/v2\/posts"}],"about":[{"href":"https:\/\/portalcatolico.net\/portal\/wp-json\/wp\/v2\/types\/post"}],"author":[{"embeddable":true,"href":"https:\/\/portalcatolico.net\/portal\/wp-json\/wp\/v2\/users\/2"}],"replies":[{"embeddable":true,"href":"https:\/\/portalcatolico.net\/portal\/wp-json\/wp\/v2\/comments?post=33955"}],"version-history":[{"count":1,"href":"https:\/\/portalcatolico.net\/portal\/wp-json\/wp\/v2\/posts\/33955\/revisions"}],"predecessor-version":[{"id":33957,"href":"https:\/\/portalcatolico.net\/portal\/wp-json\/wp\/v2\/posts\/33955\/revisions\/33957"}],"wp:featuredmedia":[{"embeddable":true,"href":"https:\/\/portalcatolico.net\/portal\/wp-json\/wp\/v2\/media\/33956"}],"wp:attachment":[{"href":"https:\/\/portalcatolico.net\/portal\/wp-json\/wp\/v2\/media?parent=33955"}],"wp:term":[{"taxonomy":"category","embeddable":true,"href":"https:\/\/portalcatolico.net\/portal\/wp-json\/wp\/v2\/categories?post=33955"},{"taxonomy":"post_tag","embeddable":true,"href":"https:\/\/portalcatolico.net\/portal\/wp-json\/wp\/v2\/tags?post=33955"}],"curies":[{"name":"wp","href":"https:\/\/api.w.org\/{rel}","templated":true}]}}