{"id":33952,"date":"2017-08-15T21:49:58","date_gmt":"2017-08-16T00:49:58","guid":{"rendered":"http:\/\/portalcatolico.net\/portal\/?p=33952"},"modified":"2017-08-15T21:49:58","modified_gmt":"2017-08-16T00:49:58","slug":"inscricoes-para-o-ejc-da-paroquia-santa-rita-de-cassia-estao-abertas","status":"publish","type":"post","link":"https:\/\/portalcatolico.net\/portal\/inscricoes-para-o-ejc-da-paroquia-santa-rita-de-cassia-estao-abertas\/","title":{"rendered":"Inscri\u00e7\u00f5es para o EJC da Par\u00f3quia Santa Rita de C\u00e1ssia est\u00e3o abertas"},"content":{"rendered":"<p class=\"x_xmsonospacing\"><em>As inscri\u00e7\u00f5es para participar do<\/em><em> E<\/em><em>ncontro de Jovens com Cristo\u00a0da Par\u00f3quia Santa Rita de C\u00e1ssia j\u00e1 est\u00e3o abertas. Os jovens entre 16 e 29 anos podem se inscrever nesta quarta-feira (16) na Pra\u00e7a Camacan, as 19h, onde est\u00e1 acontecendo o evento da Semana Nacional da Fam\u00edlia. <\/em><em>Uma equipe organizadora do evento estar\u00e1 realizando a inscri\u00e7\u00e3o no local. O c<\/em><em>usto\u00a0<\/em><em>\u00a0\u00e9 de apenas R$<\/em><em>20<\/em><em>\u00a0reais<\/em><em>\u00a0<\/em><em>e\u00a0<\/em><em>mais um kg\u00a0<\/em><em>elemento<\/em><em>\u00a0n\u00e3o perec\u00edvel<\/em><em>.<\/em><\/p>\n<p class=\"x_xmsonospacing\"><em>Para fazer a inscri\u00e7\u00e3o \u00e9 preciso\u00a0<\/em><em>levar RG e\u00a0<\/em><em>o\u00a0<\/em><em>comprovante de\u00a0<\/em><em>resid\u00eancia.<\/em><em>\u00a0\u00a0<\/em><\/p>\n<p class=\"x_xmsonospacing\"><em>A Par\u00f3quia Santa Rita de C\u00e1ssia \u00e9 pertencente \u00e0 Diocese de Itabuna e se localiza no bairro S\u00e3o Caetano.<\/em><\/p>\n<p class=\"x_xmsonospacing\"><em>Participe!<\/em><\/p>\n<p class=\"x_xmsonospacing\">Texto:Portal Cat\u00f3lico.net<\/p>\n","protected":false},"excerpt":{"rendered":"<p>As inscri\u00e7\u00f5es para participar do Encontro de Jovens com Cristo\u00a0da Par\u00f3quia Santa Rita de C\u00e1ssia j\u00e1 est\u00e3o abertas. Os jovens entre 16 e 29 anos podem se inscrever nesta quarta-feira (16) na Pra\u00e7a Camacan, as 19h, onde est\u00e1 acontecendo o evento da Semana Nacional da Fam\u00edlia. Uma equipe organizadora do evento estar\u00e1 realizando a inscri\u00e7\u00e3o&nbsp;<\/p>\n<p><a class=\"btn btn-style\" href=\"https:\/\/portalcatolico.net\/portal\/inscricoes-para-o-ejc-da-paroquia-santa-rita-de-cassia-estao-abertas\/\">Continue Reading<\/a><\/p>\n","protected":false},"author":2,"featured_media":33953,"comment_status":"open","ping_status":"open","sticky":false,"template":"","format":"standard","meta":{"footnotes":""},"categories":[2],"tags":[],"class_list":["post-33952","post","type-post","status-publish","format-standard","has-post-thumbnail","hentry","category-eventos"],"_links":{"self":[{"href":"https:\/\/portalcatolico.net\/portal\/wp-json\/wp\/v2\/posts\/33952","targetHints":{"allow":["GET"]}}],"collection":[{"href":"https:\/\/portalcatolico.net\/portal\/wp-json\/wp\/v2\/posts"}],"about":[{"href":"https:\/\/portalcatolico.net\/portal\/wp-json\/wp\/v2\/types\/post"}],"author":[{"embeddable":true,"href":"https:\/\/portalcatolico.net\/portal\/wp-json\/wp\/v2\/users\/2"}],"replies":[{"embeddable":true,"href":"https:\/\/portalcatolico.net\/portal\/wp-json\/wp\/v2\/comments?post=33952"}],"version-history":[{"count":1,"href":"https:\/\/portalcatolico.net\/portal\/wp-json\/wp\/v2\/posts\/33952\/revisions"}],"predecessor-version":[{"id":33954,"href":"https:\/\/portalcatolico.net\/portal\/wp-json\/wp\/v2\/posts\/33952\/revisions\/33954"}],"wp:featuredmedia":[{"embeddable":true,"href":"https:\/\/portalcatolico.net\/portal\/wp-json\/wp\/v2\/media\/33953"}],"wp:attachment":[{"href":"https:\/\/portalcatolico.net\/portal\/wp-json\/wp\/v2\/media?parent=33952"}],"wp:term":[{"taxonomy":"category","embeddable":true,"href":"https:\/\/portalcatolico.net\/portal\/wp-json\/wp\/v2\/categories?post=33952"},{"taxonomy":"post_tag","embeddable":true,"href":"https:\/\/portalcatolico.net\/portal\/wp-json\/wp\/v2\/tags?post=33952"}],"curies":[{"name":"wp","href":"https:\/\/api.w.org\/{rel}","templated":true}]}}