{"id":33949,"date":"2017-08-15T21:44:24","date_gmt":"2017-08-16T00:44:24","guid":{"rendered":"http:\/\/portalcatolico.net\/portal\/?p=33949"},"modified":"2017-08-15T21:44:24","modified_gmt":"2017-08-16T00:44:24","slug":"fecami-acontece-neste-sabado-em-jequie","status":"publish","type":"post","link":"https:\/\/portalcatolico.net\/portal\/fecami-acontece-neste-sabado-em-jequie\/","title":{"rendered":"FECAMI acontece neste s\u00e1bado em Jequi\u00e9"},"content":{"rendered":"<p class=\"x_xmsonospacing\"><em>Uma das maiores festas cat\u00f3licas acontecer\u00e1 em Jequi\u00e9 (BA) neste pr\u00f3ximo s\u00e1bado (19), a partir das 18h. Trata-se do Festival Cat\u00f3lico de M\u00fasicas In\u00e9ditas (FECAMI), um espet\u00e1culo de louvor, com grandes nomes de sucesso como \u00a0\u00a0Adriana Arydes (cantora oficial\u00a0do FECAMI), Marcelo Duarte (cantor, compositor, produtor e vocalista da Banda\u00a0Anjos de Resgate), al\u00e9m de Jackson Soares,\u00a0Luciano Luo\u00a0e\u00a0Anne F\u00e9lix.<\/em><\/p>\n<p class=\"x_xmsonospacing\"><em>O evento acontecer\u00e1 no Centro de Cultura Antonio Carlos Magalh\u00e3es, na Pra\u00e7a Duque de Caxias, bairro Jequiezinho.<\/em><\/p>\n<p class=\"x_xmsonospacing\"><em>Os ingressos estar\u00e3o \u00e0 venda nas \u00d3ticas Carismas e lojas Muticom em Jequi\u00e9.<\/em><\/p>\n<p class=\"x_xmsonospacing\"><em>O 1\u00aa lote custa 15 reais mais 1kg de alimento n\u00e3o perec\u00edvel e o 2\u00aa lote, 20 reais mais 1kg de alimento n\u00e3o perec\u00edvel.\u00a0\u00a0<\/em><\/p>\n<p class=\"x_xmsonormal\">Para outras informa\u00e7\u00f5es, entre na p\u00e1gina do Facebook do evento:\u00a0<a href=\"https:\/\/www.facebook.com\/fecamioficial\/\" target=\"_blank\" rel=\"noopener noreferrer\">https:\/\/www.facebook.com\/fecamioficial\/<\/a><\/p>\n<p class=\"x_xmsonormal\">Texto:Portal Cat\u00f3lico.net<\/p>\n","protected":false},"excerpt":{"rendered":"<p>Uma das maiores festas cat\u00f3licas acontecer\u00e1 em Jequi\u00e9 (BA) neste pr\u00f3ximo s\u00e1bado (19), a partir das 18h. Trata-se do Festival Cat\u00f3lico de M\u00fasicas In\u00e9ditas (FECAMI), um espet\u00e1culo de louvor, com grandes nomes de sucesso como \u00a0\u00a0Adriana Arydes (cantora oficial\u00a0do FECAMI), Marcelo Duarte (cantor, compositor, produtor e vocalista da Banda\u00a0Anjos de Resgate), al\u00e9m de Jackson Soares,\u00a0Luciano&nbsp;<\/p>\n<p><a class=\"btn btn-style\" href=\"https:\/\/portalcatolico.net\/portal\/fecami-acontece-neste-sabado-em-jequie\/\">Continue Reading<\/a><\/p>\n","protected":false},"author":2,"featured_media":33950,"comment_status":"open","ping_status":"open","sticky":false,"template":"","format":"standard","meta":{"footnotes":""},"categories":[1],"tags":[],"class_list":["post-33949","post","type-post","status-publish","format-standard","has-post-thumbnail","hentry","category-agenda"],"_links":{"self":[{"href":"https:\/\/portalcatolico.net\/portal\/wp-json\/wp\/v2\/posts\/33949","targetHints":{"allow":["GET"]}}],"collection":[{"href":"https:\/\/portalcatolico.net\/portal\/wp-json\/wp\/v2\/posts"}],"about":[{"href":"https:\/\/portalcatolico.net\/portal\/wp-json\/wp\/v2\/types\/post"}],"author":[{"embeddable":true,"href":"https:\/\/portalcatolico.net\/portal\/wp-json\/wp\/v2\/users\/2"}],"replies":[{"embeddable":true,"href":"https:\/\/portalcatolico.net\/portal\/wp-json\/wp\/v2\/comments?post=33949"}],"version-history":[{"count":1,"href":"https:\/\/portalcatolico.net\/portal\/wp-json\/wp\/v2\/posts\/33949\/revisions"}],"predecessor-version":[{"id":33951,"href":"https:\/\/portalcatolico.net\/portal\/wp-json\/wp\/v2\/posts\/33949\/revisions\/33951"}],"wp:featuredmedia":[{"embeddable":true,"href":"https:\/\/portalcatolico.net\/portal\/wp-json\/wp\/v2\/media\/33950"}],"wp:attachment":[{"href":"https:\/\/portalcatolico.net\/portal\/wp-json\/wp\/v2\/media?parent=33949"}],"wp:term":[{"taxonomy":"category","embeddable":true,"href":"https:\/\/portalcatolico.net\/portal\/wp-json\/wp\/v2\/categories?post=33949"},{"taxonomy":"post_tag","embeddable":true,"href":"https:\/\/portalcatolico.net\/portal\/wp-json\/wp\/v2\/tags?post=33949"}],"curies":[{"name":"wp","href":"https:\/\/api.w.org\/{rel}","templated":true}]}}