{"id":33944,"date":"2017-08-15T16:44:53","date_gmt":"2017-08-15T19:44:53","guid":{"rendered":"http:\/\/portalcatolico.net\/portal\/?p=33944"},"modified":"2017-08-15T16:46:36","modified_gmt":"2017-08-15T19:46:36","slug":"carta-compromisso-do-i-congresso-missionario-da-sub-regiao-pastoral-6-do-ne-iii","status":"publish","type":"post","link":"https:\/\/portalcatolico.net\/portal\/carta-compromisso-do-i-congresso-missionario-da-sub-regiao-pastoral-6-do-ne-iii\/","title":{"rendered":"CARTA COMPROMISSO DO I CONGRESSO MISSION\u00c1RIO DA SUB REGI\u00c3O PASTORAL 6 DO NE III"},"content":{"rendered":"<p>\u201c<strong>Vai, e n\u00e3o tenhas medo: Ser\u00e1 teu segredo viver de mim. Aonde quer que fores Eu vou contigo at\u00e9 o fim\u201d.\u00a0\u00a0\u00a0\u00a0\u00a0\u00a0\u00a0\u00a0\u00a0\u00a0\u00a0\u00a0\u00a0\u00a0\u00a0\u00a0\u00a0\u00a0\u00a0\u00a0\u00a0\u00a0\u00a0\u00a0\u00a0\u00a0\u00a0\u00a0\u00a0\u00a0\u00a0\u00a0\u00a0\u00a0\u00a0\u00a0\u00a0 <\/strong><\/p>\n<p><strong>\u00a0\u00a0\u00a0\u00a0\u00a0\u00a0\u00a0\u00a0\u00a0\u00a0\u00a0\u00a0\u00a0\u00a0\u00a0\u00a0\u00a0\u00a0\u00a0\u00a0\u00a0\u00a0\u00a0\u00a0\u00a0\u00a0\u00a0\u00a0\u00a0\u00a0\u00a0\u00a0\u00a0\u00a0 \u00a0\u00a0\u00a0\u00a0\u00a0\u00a0\u00a0\u00a0\u00a0\u00a0\u00a0(Pe. Jos\u00e9 Raimundo Galv\u00e3o)<\/strong><\/p>\n<p>N\u00f3s, disc\u00edpulos(as) mission\u00e1rios(as) leigos(as), bispos, presb\u00edteros, di\u00e1conos, religiosos(as) e seminaristas da Regi\u00e3o Pastoral 6, NE III &#8211; CNBB (Itabuna, Eun\u00e1polis, Ilh\u00e9us e Teixeira de Freitas) e, da Regi\u00e3o Pastoral 4 &#8211; Diocese de Jequi\u00e9, reunimo-nos nos dias 11 a 13 de agosto de 2017, no Centro Diocesano de Pastoral, para a realiza\u00e7\u00e3o do I Congresso Mission\u00e1rio, sob a inspira\u00e7\u00e3o do tema: \u201cA alegria do Evangelho numa Igreja em estado permanente de Miss\u00e3o\u201d e do lema: \u201cComo o Pai me enviou, tamb\u00e9m vos envio\u201d (Jo 20,21). Tendo em vista o 4\u00ba Congresso Mission\u00e1rio Nacional (07-10\/09\/17) e o V Congresso Mission\u00e1rio Americano (CAM 5), em Santa Cruz de la Sierra- Bol\u00edvia (11 \u2013 15\/07\/18), o nosso I Congresso mission\u00e1rio assumiu como objetivos: impulsionar as nossas Igrejas particulares para um dinamismo mission\u00e1rio de sa\u00edda e caminhar juntos, no testemunho da alegria do Evangelho, da comunh\u00e3o e participa\u00e7\u00e3o, no profetismo e no compromisso com \u201cas alegrias e as esperan\u00e7as, as tristezas e as ang\u00fastias dos homens e mulheres de hoje, sobretudo dos pobres e de todos aqueles que sofrem\u201d (GS 1); promover a integra\u00e7\u00e3o das for\u00e7as mission\u00e1rias; incentivar a coopera\u00e7\u00e3o intereclesial e a miss\u00e3o ad gentes e celebrar a caminhada mission\u00e1ria na regi\u00e3o pastoral 6.<\/p>\n<p>O Congresso foi para todos um momento rico e profundo de reflex\u00e3o e testemunhos, onde sentimos, a todo instante, a presen\u00e7a de Deus, o sopro do Espirito Santo e as m\u00e3os carinhosas da M\u00e3e do Mission\u00e1rio do Pai. Foi ainda poss\u00edvel perceber a situa\u00e7\u00e3o de desesperan\u00e7a e a falta de perspectiva de vida na realidade s\u00f3cio-pol\u00edtico e econ\u00f4mica nas nossas Dioceses. Tal realidade exige posicionamentos em defesa da Vida. \u00c9 nesse contexto que o Papa Francisco nos convida a uma nova etapa evangelizadora marcada pela verdadeira alegria do Evangelho.<\/p>\n<p>A Igreja \u00e9 chamada, portanto, a viver em constante \u201csa\u00edda\u201d com o seu Senhor, que \u201csabe ir \u00e0 frente, sabe tomar iniciativa sem medo, ir ao encontro, procurar os afastados e chegar \u00e0s encruzilhadas dos caminhos para convidar os exclu\u00eddos\u201d (EG 24). Dizer Igreja \u00e9 dizer miss\u00e3o: \u201ca Igreja nasce da miss\u00e3o e existe para a miss\u00e3o: existe para os outros e precisa ir a todos\u201d (DGAE 2011, 76).<\/p>\n<p>Na celebra\u00e7\u00e3o de abertura do Congresso, Dom Jos\u00e9 Edson, Bispo diocesano de Eun\u00e1polis e presidente da Sub Regi\u00e3o 6, insistia na urg\u00eancia de reencontrar a verdadeira ess\u00eancia da Igreja: a miss\u00e3o. Ser uma Igreja em sa\u00edda, na mesma din\u00e2mica do \u00eaxodo.<\/p>\n<p>A partir do lema motivador <em>\u201c<\/em><em>Como o Pai me enviou tamb\u00e9m eu vos envio\u201d,<\/em><em> conclu\u00edmos pela urg\u00eancia de uma evangeliza\u00e7\u00e3o animada pela Palavra de Deus numa <\/em>Igreja de portas abertas. Caminhando em dire\u00e7\u00e3o \u00e0s periferias geogr\u00e1ficas e existenciais. (EG 46.48). A partir das provoca\u00e7\u00f5es feitas pelo Padre Jos\u00e9 Raimundo Galv\u00e3o, um dos assessores do Congresso, \u00e9 necess\u00e1rio habituar-se ao jeito de Deus que nos surpreende e encanta, na inquieta\u00e7\u00e3o e perplexidade. Repetindo o Papa Francisco, \u201ctemos que Evangelizar por atra\u00e7\u00e3o (<em>quando eu for levantado&#8230; atrairei todos a mim<\/em>) e n\u00e3o por proselitismo\u201d. J\u00e1 que o Mestre Jesus n\u00e3o se imp\u00f5e, mas se prop\u00f5e, doando-se por inteiro.<\/p>\n<p>Iluminados pelo Evangelho e procurando responder aos apelos do Mestre: \u201cComo o Pai me enviou tamb\u00e9m vos envio\u201d (Jo 20,21) comprometemo-nos, como disc\u00edpulos(as) mission\u00e1rios(as) desta grande regi\u00e3o pastoral de aproximadamente 2 milh\u00f5es de habitantes, em uma extens\u00e3o geogr\u00e1fica de 61.366 km2 no sul e extremo sul da Bahia. Os testemunhos Ad gentes apresentados foram grandes motivadores da miss\u00e3o, alertando para urg\u00eancia de processos formativos que fortale\u00e7am e encorajem no compromisso pelas mudan\u00e7as das estruturas caducas que geram injusti\u00e7as e agridem o Projeto de Deus tanto na sociedade quanto no interior da pr\u00f3pria Igreja.<\/p>\n<p>Que Nossa Senhora Aparecida nos ilumine e fortale\u00e7a nesta caminhada.<\/p>\n<p>Haroldo Heleno<\/p>\n","protected":false},"excerpt":{"rendered":"<p>\u201cVai, e n\u00e3o tenhas medo: Ser\u00e1 teu segredo viver de mim. Aonde quer que fores Eu vou contigo at\u00e9 o fim\u201d.\u00a0\u00a0\u00a0\u00a0\u00a0\u00a0\u00a0\u00a0\u00a0\u00a0\u00a0\u00a0\u00a0\u00a0\u00a0\u00a0\u00a0\u00a0\u00a0\u00a0\u00a0\u00a0\u00a0\u00a0\u00a0\u00a0\u00a0\u00a0\u00a0\u00a0\u00a0\u00a0\u00a0\u00a0\u00a0\u00a0\u00a0 \u00a0\u00a0\u00a0\u00a0\u00a0\u00a0\u00a0\u00a0\u00a0\u00a0\u00a0\u00a0\u00a0\u00a0\u00a0\u00a0\u00a0\u00a0\u00a0\u00a0\u00a0\u00a0\u00a0\u00a0\u00a0\u00a0\u00a0\u00a0\u00a0\u00a0\u00a0\u00a0\u00a0\u00a0 \u00a0\u00a0\u00a0\u00a0\u00a0\u00a0\u00a0\u00a0\u00a0\u00a0\u00a0(Pe. Jos\u00e9 Raimundo Galv\u00e3o) N\u00f3s, disc\u00edpulos(as) mission\u00e1rios(as) leigos(as), bispos, presb\u00edteros, di\u00e1conos, religiosos(as) e seminaristas da Regi\u00e3o Pastoral 6, NE III &#8211; CNBB (Itabuna, Eun\u00e1polis, Ilh\u00e9us e Teixeira de Freitas) e, da Regi\u00e3o Pastoral&nbsp;<\/p>\n<p><a class=\"btn btn-style\" href=\"https:\/\/portalcatolico.net\/portal\/carta-compromisso-do-i-congresso-missionario-da-sub-regiao-pastoral-6-do-ne-iii\/\">Continue Reading<\/a><\/p>\n","protected":false},"author":2,"featured_media":33945,"comment_status":"open","ping_status":"open","sticky":false,"template":"","format":"standard","meta":{"footnotes":""},"categories":[2],"tags":[],"class_list":["post-33944","post","type-post","status-publish","format-standard","has-post-thumbnail","hentry","category-eventos"],"_links":{"self":[{"href":"https:\/\/portalcatolico.net\/portal\/wp-json\/wp\/v2\/posts\/33944","targetHints":{"allow":["GET"]}}],"collection":[{"href":"https:\/\/portalcatolico.net\/portal\/wp-json\/wp\/v2\/posts"}],"about":[{"href":"https:\/\/portalcatolico.net\/portal\/wp-json\/wp\/v2\/types\/post"}],"author":[{"embeddable":true,"href":"https:\/\/portalcatolico.net\/portal\/wp-json\/wp\/v2\/users\/2"}],"replies":[{"embeddable":true,"href":"https:\/\/portalcatolico.net\/portal\/wp-json\/wp\/v2\/comments?post=33944"}],"version-history":[{"count":1,"href":"https:\/\/portalcatolico.net\/portal\/wp-json\/wp\/v2\/posts\/33944\/revisions"}],"predecessor-version":[{"id":33946,"href":"https:\/\/portalcatolico.net\/portal\/wp-json\/wp\/v2\/posts\/33944\/revisions\/33946"}],"wp:featuredmedia":[{"embeddable":true,"href":"https:\/\/portalcatolico.net\/portal\/wp-json\/wp\/v2\/media\/33945"}],"wp:attachment":[{"href":"https:\/\/portalcatolico.net\/portal\/wp-json\/wp\/v2\/media?parent=33944"}],"wp:term":[{"taxonomy":"category","embeddable":true,"href":"https:\/\/portalcatolico.net\/portal\/wp-json\/wp\/v2\/categories?post=33944"},{"taxonomy":"post_tag","embeddable":true,"href":"https:\/\/portalcatolico.net\/portal\/wp-json\/wp\/v2\/tags?post=33944"}],"curies":[{"name":"wp","href":"https:\/\/api.w.org\/{rel}","templated":true}]}}