{"id":33937,"date":"2017-08-14T22:53:24","date_gmt":"2017-08-15T01:53:24","guid":{"rendered":"http:\/\/portalcatolico.net\/portal\/?p=33937"},"modified":"2017-08-16T16:19:14","modified_gmt":"2017-08-16T19:19:14","slug":"semana-da-familia-comeca-em-itabuna-confira-como-foi-a-primeira-noite","status":"publish","type":"post","link":"https:\/\/portalcatolico.net\/portal\/semana-da-familia-comeca-em-itabuna-confira-como-foi-a-primeira-noite\/","title":{"rendered":"Semana da Fam\u00edlia come\u00e7a em Itabuna. Confira como foi a primeira noite!"},"content":{"rendered":"<p><em>Come\u00e7ou nesta segunda-feira (14) e segue at\u00e9 o pr\u00f3ximo domingo (20) a Semana Nacional da Fam\u00edlia em Itabuna (BA). O evento est\u00e1 sendo realizado na Pra\u00e7a Camacan, no centro da cidade. \u00a0A Diocese de Itabuna preparou uma programa\u00e7\u00e3o repleta m\u00fasica, anima\u00e7\u00e3o, ora\u00e7\u00e3o e reflex\u00e3o atrav\u00e9s\u00a0 do tema central que \u00e9 \u201cFam\u00edlia: Uma luz para a vida em sociedade\u201d.<\/em><\/p>\n<p><em>No s\u00e1bado (19), a partir das 19h, o evento vai contar com um dos momentos mais esperado pelo p\u00fablico, o show com cantor e compositor paranaense Thiago Brado e\u00a0 Banda. A atra\u00e7\u00e3o se apresentar\u00e1 no palco em frente \u00e0 C\u00e2mara Municipal de Vereadores de Itabuna. J\u00e1 no domingo (20), a partir das 15h, ocorrer\u00e1 o encerramento da Semana da Fam\u00edlia com a Celebra\u00e7\u00e3o Eucar\u00edstica, que ser\u00e1 presidida pelo bispo diocesano, Dom Carlos Alberto.<\/em><\/p>\n<p><em>Quatorze par\u00f3quias est\u00e3o envolvidas na realiza\u00e7\u00e3o do evento, entre elas, todos os grupos, movimentos, pastorais e comunidades. \u00a0Os minist\u00e9rios de m\u00fasicas ser\u00e3o os animadores das cinco noites em pra\u00e7a p\u00fablica.<\/em><\/p>\n<p><em>Nesta primeira noite, o evento teve in\u00edcio com a reza do ter\u00e7o dos homens, e em seguida, a programa\u00e7\u00e3o seguiu com apresenta\u00e7\u00e3o, palestra e distribui\u00e7\u00e3o de brindes.<\/em><\/p>\n<p><em>Ao finalizar, \u00e0s 21h,o bispo dom Carlos Alberto agradeceu aos paroquianos presentes, padres, di\u00e1conos e parabenizou a todos pela realiza\u00e7\u00e3o do evento. \u201cParab\u00e9ns ao ter\u00e7o dos homens, parab\u00e9ns aos outros movimentos pastorais, as nossas par\u00f3quias, que hoje como respons\u00e1veis est\u00e3o aqui aderindo \u00e0quilo que a CNBB sugere para todos n\u00f3s, afim de que n\u00f3s podemos amar a nossa fam\u00edlia.\u201d<\/em><\/p>\n<p><em>Amanh\u00e3 o evento dar\u00e1 seguimento \u00e0s 19h.<\/em><\/p>\n<p><em>Vale lembrar que as par\u00f3quias de outras dioceses est\u00e3o\u00a0com sua programa\u00e7\u00e3o\u00a0local.\u00a0S\u00e3o fam\u00edlias evangelizando fam\u00edlias. Participe com a sua fam\u00edlia tamb\u00e9m!<\/em><\/p>\n<p><em><b>Semana Nacional da Fam\u00edlia<\/b><\/em><br \/>\n<em>Criada em 1992, a Semana Nacional da Fam\u00edlia \u00e9 um evento anual e integra o calend\u00e1rio das par\u00f3quias e comunidades de todo o Brasil. Para animar a atividade, a Comiss\u00e3o Nacional elabora o subs\u00eddio \u201cHora da Fam\u00edlia\u201d, que come\u00e7ou a ser editado desde a vinda de S\u00e3o Jo\u00e3o Paulo II ao Brasil, em 1994, e passou a ser publicada anualmente em\u00a0 todas 26\u00aa edi\u00e7\u00f5es. Os encontros para a Semana Nacional da Fam\u00edlia, que neste ano ser\u00e1 de 13 a 19 de agosto, s\u00e3o compostos de ora\u00e7\u00f5es, cantos, momentos de escuta da Palavra de Deus e de partilha. Em cada um destes, a reflex\u00e3o da tem\u00e1tica \u00e9 direcionada a partir de textos b\u00edblicos, de trechos de documentos do Magist\u00e9rio da Igreja e de pequenas hist\u00f3rias.<\/em><\/p>\n<p>Texto e fotos:Portal Cat\u00f3lico.net<\/p>\n<p>Galeria de fotos:<a href=\"https:\/\/www.facebook.com\/portalcatolicooficial\/\"><span style=\"color: #ff0000;\">Clique aqui<\/span>.<\/a><\/p>\n<p><em>\u00a0<\/em><\/p>\n","protected":false},"excerpt":{"rendered":"<p>Come\u00e7ou nesta segunda-feira (14) e segue at\u00e9 o pr\u00f3ximo domingo (20) a Semana Nacional da Fam\u00edlia em Itabuna (BA). O evento est\u00e1 sendo realizado na Pra\u00e7a Camacan, no centro da cidade. \u00a0A Diocese de Itabuna preparou uma programa\u00e7\u00e3o repleta m\u00fasica, anima\u00e7\u00e3o, ora\u00e7\u00e3o e reflex\u00e3o atrav\u00e9s\u00a0 do tema central que \u00e9 \u201cFam\u00edlia: Uma luz para a&nbsp;<\/p>\n<p><a class=\"btn btn-style\" href=\"https:\/\/portalcatolico.net\/portal\/semana-da-familia-comeca-em-itabuna-confira-como-foi-a-primeira-noite\/\">Continue Reading<\/a><\/p>\n","protected":false},"author":2,"featured_media":33938,"comment_status":"open","ping_status":"open","sticky":false,"template":"","format":"standard","meta":{"footnotes":""},"categories":[2],"tags":[],"class_list":["post-33937","post","type-post","status-publish","format-standard","has-post-thumbnail","hentry","category-eventos"],"_links":{"self":[{"href":"https:\/\/portalcatolico.net\/portal\/wp-json\/wp\/v2\/posts\/33937","targetHints":{"allow":["GET"]}}],"collection":[{"href":"https:\/\/portalcatolico.net\/portal\/wp-json\/wp\/v2\/posts"}],"about":[{"href":"https:\/\/portalcatolico.net\/portal\/wp-json\/wp\/v2\/types\/post"}],"author":[{"embeddable":true,"href":"https:\/\/portalcatolico.net\/portal\/wp-json\/wp\/v2\/users\/2"}],"replies":[{"embeddable":true,"href":"https:\/\/portalcatolico.net\/portal\/wp-json\/wp\/v2\/comments?post=33937"}],"version-history":[{"count":6,"href":"https:\/\/portalcatolico.net\/portal\/wp-json\/wp\/v2\/posts\/33937\/revisions"}],"predecessor-version":[{"id":33965,"href":"https:\/\/portalcatolico.net\/portal\/wp-json\/wp\/v2\/posts\/33937\/revisions\/33965"}],"wp:featuredmedia":[{"embeddable":true,"href":"https:\/\/portalcatolico.net\/portal\/wp-json\/wp\/v2\/media\/33938"}],"wp:attachment":[{"href":"https:\/\/portalcatolico.net\/portal\/wp-json\/wp\/v2\/media?parent=33937"}],"wp:term":[{"taxonomy":"category","embeddable":true,"href":"https:\/\/portalcatolico.net\/portal\/wp-json\/wp\/v2\/categories?post=33937"},{"taxonomy":"post_tag","embeddable":true,"href":"https:\/\/portalcatolico.net\/portal\/wp-json\/wp\/v2\/tags?post=33937"}],"curies":[{"name":"wp","href":"https:\/\/api.w.org\/{rel}","templated":true}]}}