{"id":33934,"date":"2017-08-14T22:30:08","date_gmt":"2017-08-15T01:30:08","guid":{"rendered":"http:\/\/portalcatolico.net\/portal\/?p=33934"},"modified":"2017-08-14T22:30:08","modified_gmt":"2017-08-15T01:30:08","slug":"conexao-vida-seminario-discute-educacao-para-criancas-jovens-e-adolescentes","status":"publish","type":"post","link":"https:\/\/portalcatolico.net\/portal\/conexao-vida-seminario-discute-educacao-para-criancas-jovens-e-adolescentes\/","title":{"rendered":"Conex\u00e3o Vida: Semin\u00e1rio discute educa\u00e7\u00e3o para crian\u00e7as, jovens e adolescentes"},"content":{"rendered":"<p>Com o objetivo de reafirmar a import\u00e2ncia da educa\u00e7\u00e3o como caminho para a transforma\u00e7\u00e3o social, a Associa\u00e7\u00e3o Conex\u00e3o Vida reunir\u00e1 600 pessoas, de 48 cidades do Brasil, durante o Semin\u00e1rio \u201cEducar para qu\u00ea?\u201d, que acontecer\u00e1 no dia 18 de agosto, das 7h30 \u00e0s 18h, no Hotel Sol Bahia (Patamares). Devem participar gestores e educadores de organiza\u00e7\u00f5es sociais, estudantes, profissionais da \u00e1rea de educa\u00e7\u00e3o, adolescentes e jovens. O Semin\u00e1rio ser\u00e1 um espa\u00e7o para produ\u00e7\u00e3o de conhecimento e compartilhamento de experi\u00eancias do Projeto <em>Adolesc\u00eancia: acolher, compreender, promover<\/em>. Para participar \u00e9 necess\u00e1rio realizar inscri\u00e7\u00e3o e pagar uma taxa no valor de R$ 50.<\/p>\n<p>No dia do evento, a programa\u00e7\u00e3o contar\u00e1 com acolhida \u00e0s 8h30 e mesa redonda durante a abertura oficial, composta pelo Arcebispo de Salvador e Primaz do Brasil, Dom Murilo Krieger; pelo presidente do <em>Progetto Agata Smeralda Onlus (<\/em>Projeto \u00c1gata Esmeralda), professor Mauro Barsi; pelo presidente da Associa\u00e7\u00e3o Conex\u00e3o Vida, padre Miguel Ramon; pela coordenadora executiva da Associa\u00e7\u00e3o Conex\u00e3o Vida, Edneide O\u2019Dwyer; pelos jovens articuladores Jo\u00e3o Vitor Alves e Sara Cabral; e pela gestora e articuladora, Elinalva Barros.<\/p>\n<p>Ainda pela manh\u00e3, \u00e0s 9h15, ter\u00e1 in\u00edcio a palestra que abordar\u00e1 o tema \u201cEducar para qu\u00ea?\u201d. \u00c0s 11h10 haver\u00e1 um painel tem\u00e1tico sobre \u201cAdolesc\u00eancia: acolher, compreender, promover\u201d. A tarde, a partir das 14h, acontecer\u00e1 mais uma mesa redonda, desta vez formada pelo professor da Universidade do Estado da Bahia (UNEB) e educador popular, professor Paulo Gon\u00e7alves; pelos educadores Ednalva Santos, Edmilson Vieira e C\u00e9lia Requina Cerqueira; e pelos jovens articuladores Luane Quilma, Jadson Sales, Vagner Santos, Ivan Vitor Almeida e Mariana Almeida.<\/p>\n<p>\u00c0s 16h os participantes assistir\u00e3o a uma apresenta\u00e7\u00e3o teatral. O evento ser\u00e1 encerrado \u00e0s 16h30 com a Orquestra Sinf\u00f4nica do maestro Fred Dantas. Inscri\u00e7\u00f5es e informa\u00e7\u00f5es pelo e-mail conexaovida.yahoo.com.br ou pelo site <a href=\"http:\/\/www.conexaovida.org.br\">www.conexaovida.org.br<\/a> .<\/p>\n<p><strong>Conex\u00e3o Vida<\/strong><\/p>\n<p>Organiza\u00e7\u00e3o da sociedade civil que atua na promo\u00e7\u00e3o, defesa e garantia dos direitos de crian\u00e7as e adolescentes em situa\u00e7\u00e3o de vulnerabilidade social, a Associa\u00e7\u00e3o Conex\u00e3o Vida, mantida pelo Projeto \u00c1gata Esmeralda, atua em Salvador, na Regi\u00e3o Metropolitana, no Rec\u00f4ncavo Baiano, no interior da Bahia e na cidade de Girau do Ponciano, em Alagoas. O projeto est\u00e1 dividido, geograficamente, em oito regi\u00f5es e atende a 135 institui\u00e7\u00f5es comunit\u00e1rias, beneficiando, diretamente, sete mil crian\u00e7as, adolescentes e jovens.<\/p>\n<p>Por Assessoria de Comunica\u00e7\u00e3o<\/p>\n<p>Arquidiocese de Salvador<\/p>\n<p>&nbsp;<\/p>\n<p>&nbsp;<\/p>\n","protected":false},"excerpt":{"rendered":"<p>Com o objetivo de reafirmar a import\u00e2ncia da educa\u00e7\u00e3o como caminho para a transforma\u00e7\u00e3o social, a Associa\u00e7\u00e3o Conex\u00e3o Vida reunir\u00e1 600 pessoas, de 48 cidades do Brasil, durante o Semin\u00e1rio \u201cEducar para qu\u00ea?\u201d, que acontecer\u00e1 no dia 18 de agosto, das 7h30 \u00e0s 18h, no Hotel Sol Bahia (Patamares). Devem participar gestores e educadores de&nbsp;<\/p>\n<p><a class=\"btn btn-style\" href=\"https:\/\/portalcatolico.net\/portal\/conexao-vida-seminario-discute-educacao-para-criancas-jovens-e-adolescentes\/\">Continue Reading<\/a><\/p>\n","protected":false},"author":2,"featured_media":33935,"comment_status":"open","ping_status":"open","sticky":false,"template":"","format":"standard","meta":{"footnotes":""},"categories":[3],"tags":[],"class_list":["post-33934","post","type-post","status-publish","format-standard","has-post-thumbnail","hentry","category-noticias_regionais"],"_links":{"self":[{"href":"https:\/\/portalcatolico.net\/portal\/wp-json\/wp\/v2\/posts\/33934","targetHints":{"allow":["GET"]}}],"collection":[{"href":"https:\/\/portalcatolico.net\/portal\/wp-json\/wp\/v2\/posts"}],"about":[{"href":"https:\/\/portalcatolico.net\/portal\/wp-json\/wp\/v2\/types\/post"}],"author":[{"embeddable":true,"href":"https:\/\/portalcatolico.net\/portal\/wp-json\/wp\/v2\/users\/2"}],"replies":[{"embeddable":true,"href":"https:\/\/portalcatolico.net\/portal\/wp-json\/wp\/v2\/comments?post=33934"}],"version-history":[{"count":1,"href":"https:\/\/portalcatolico.net\/portal\/wp-json\/wp\/v2\/posts\/33934\/revisions"}],"predecessor-version":[{"id":33936,"href":"https:\/\/portalcatolico.net\/portal\/wp-json\/wp\/v2\/posts\/33934\/revisions\/33936"}],"wp:featuredmedia":[{"embeddable":true,"href":"https:\/\/portalcatolico.net\/portal\/wp-json\/wp\/v2\/media\/33935"}],"wp:attachment":[{"href":"https:\/\/portalcatolico.net\/portal\/wp-json\/wp\/v2\/media?parent=33934"}],"wp:term":[{"taxonomy":"category","embeddable":true,"href":"https:\/\/portalcatolico.net\/portal\/wp-json\/wp\/v2\/categories?post=33934"},{"taxonomy":"post_tag","embeddable":true,"href":"https:\/\/portalcatolico.net\/portal\/wp-json\/wp\/v2\/tags?post=33934"}],"curies":[{"name":"wp","href":"https:\/\/api.w.org\/{rel}","templated":true}]}}