{"id":33923,"date":"2017-08-13T21:45:33","date_gmt":"2017-08-14T00:45:33","guid":{"rendered":"http:\/\/portalcatolico.net\/portal\/?p=33923"},"modified":"2017-08-13T21:47:34","modified_gmt":"2017-08-14T00:47:34","slug":"padre-que-participou-do-congresso-missionario-da-cnbb-fala-sobre-a-missao-de-evangelizar","status":"publish","type":"post","link":"https:\/\/portalcatolico.net\/portal\/padre-que-participou-do-congresso-missionario-da-cnbb-fala-sobre-a-missao-de-evangelizar\/","title":{"rendered":"Padre que participou do Congresso Mission\u00e1rio da CNBB fala sobre a miss\u00e3o de evangelizar"},"content":{"rendered":"<p class=\"x_xxmsonospacing\"><em>Foi realizado em Itabuna (BA), entre os dias 11,12 e 13 de agosto de 2017, o 1\u00ba Congresso Mission\u00e1rio da CNBB da sub-regi\u00e3o VI, que abrange as Dioceses de Itabuna, Ilh\u00e9us, Eun\u00e1polis e Teixeira de Freitas\/Caravelas no sul e extremo\u00a0sul\u00a0da Bahia. Com o tema: \u201cA alegria do Evangelho\u00a0numa Igreja em estafo permanente de miss\u00e3o.\u201d\u00a0E o lema: \u201cComo o pai me enviou tamb\u00e9m vos envio\u201d (JO 20,21).<\/em><i><\/i><\/p>\n<p class=\"x_xxmsonospacing\"><em>O Congresso teve in\u00edcio na sexta-feira\u00a0(11), \u00e0s 18h30min, com a santa missa.<\/em><\/p>\n<p class=\"x_xxmsonospacing\"><em>\u00a0<\/em><em>A Celebra\u00e7\u00e3o Eucar\u00edstica\u00a0foi presidida pelo bispo Diocese de Eun\u00e1polis\u00a0e referencial da CNBB das miss\u00f5es no NE3 Sub-Regi\u00e3o VI, dom Jos\u00e9 Edson Santana de Oliveira e concelebrada por dom Mauro Montagnoli, bispo da Diocese de Ilh\u00e9us, e por dom Carlos Alberto dos Santos, bispo da Diocese de Itabuna, al\u00e9m de padres e di\u00e1conos das dioceses citadas.<\/em><i><\/i><\/p>\n<p class=\"x_xmsonospacing\"><em>\u00a0<\/em><em>Tamb\u00e9m participaram do Congresso Mission\u00e1rio, tr\u00eas padres mission\u00e1rios brasileiros, dois pela diocese de Itabuna e um pela Arquidiocese de Salvador (BA).<\/em><i><\/i><\/p>\n<p class=\"x_xmsonospacing\"><em>Os mission\u00e1rios da \u00a0Diocese de Itabuna s\u00e3o eles: Padre Luiz Alves da Costa (Mission\u00e1rio Mo\u00e7ambique) e padre Badacer Neto, que evangelizou um per\u00edodo na \u00c1frica e hoje est\u00e1 em Bras\u00edlia. O\u00a0padre Moussa Serge Traore da Arquidiocese de Salvador\/Bahia \u00e9\u00a0p\u00e1roco\u00a0na Par\u00f3quia Santiago Maior, no bairro Boca da Mata.<\/em><i><\/i><\/p>\n<p class=\"x_xmsonospacing\"><em>O padre Moussa da Arquidiocese de Salvador falou da sua experi\u00eancia em evangelizar em cidades que s\u00f3 tinha ele de Crist\u00e3o. <\/em><\/p>\n<p class=\"x_xmsonospacing\"><strong><em>Confira a entrevista com exclusividade!<\/em><\/strong><\/p>\n<p class=\"x_xmsonospacing\"><em>\u00a0<\/em><strong><em>Portal Cat\u00f3lico: Fale um pouco sobre a sua miss\u00e3o na \u00c1frica.<\/em><\/strong><\/p>\n<p class=\"x_xmsonospacing\"><em>\u00a0<\/em><em>Padre Moussa: Eu sou de uma Congrega\u00e7\u00e3o Mission\u00e1ria que se chama os Mission\u00e1rios da \u00c1frica que trata-se de uma Congrega\u00e7\u00e3o de padres e irm\u00e3os que v\u00e3o a lugares que o Evangelho ainda n\u00e3o chegou, para apresentar Jesus a este povo, esperando uma convers\u00e3o deste povo, para que ele ao menos aceite o Evangelho de Cristo. Ent\u00e3o, na \u00c1frica n\u00f3s temos par\u00f3quias, visitamos lugares que precisam deste Evangelho de Cristo e continuamos esta miss\u00e3o que j\u00e1 dura 150 anos.<\/em><\/p>\n<p class=\"x_xmsonospacing\"><em>\u00a0<\/em><strong><em>Portal Cat\u00f3lico: Como \u00e9 evangelizar para pessoas que n\u00e3o s\u00e3o cat\u00f3licas?<\/em><\/strong><\/p>\n<p class=\"x_xmsonospacing\"><em>\u00a0<\/em><em>Padre Moussa: \u00c9 muito importante! Tem as suas dificuldades. Voc\u00ea vai ao encontro de um povo que tem uma hist\u00f3ria, uma identidade, uma vida. Este povo est\u00e1 esperando por voc\u00ea. Talvez esteja esperando por uma palavra de salva\u00e7\u00e3o que ainda n\u00e3o recebeu.\u00a0 A primeira coisa \u00e9 entrar no meio deste povo sem viol\u00eancia com muito carinho, amor, simplicidade. Tem que se estabelecer um relacionamento bom porque a\u00ed a pessoa percebe que voc\u00ea n\u00e3o tem uma arma, e a sua \u00fanica arma \u00e9 o seu cora\u00e7\u00e3o cheio de amor, repleto do Esp\u00edrito Santo, da presen\u00e7a de Deus. Porque o povo deve sentir a presen\u00e7a de Deus em voc\u00ea. E n\u00e3o s\u00f3 falar, falar. \u00c9 sentir!<\/em><\/p>\n<p class=\"x_xmsonospacing\"><strong><em>Portal Cat\u00f3lico: H\u00e1 quanto tempo est\u00e1 na miss\u00e3o?<\/em><\/strong><\/p>\n<p class=\"x_xmsonospacing\"><em>\u00a0<\/em><em>Padre Moussa: H\u00e1 quase vinte e quatro anos que sou mission\u00e1rio. Mission\u00e1rio na Sociedade dos Mission\u00e1rios da \u00c1frica, mas eu me lembro muito bem quando crian\u00e7a no meu \u00a0pa\u00eds, que na escola, por exemplo, eu j\u00e1 era mission\u00e1rio. Um amigo meu, por exemplo, n\u00e3o era cat\u00f3lico. Uma vez ele me perguntou de que religi\u00e3o eu er, respondi que era crist\u00e3o e ele logo me perguntou: \u201co que \u00e9 isso?\u201d. Porque no meu pa\u00eds, os crist\u00e3os s\u00e3o poucos, s\u00e3o 20 por cento da popula\u00e7\u00e3o. E eu expliquei para o meu amigo da escola o que era ser crist\u00e3o.<\/em><\/p>\n<p class=\"x_xmsonospacing\"><em>\u00a0<\/em><em>Ao final da entrevista, padre Moussa disse: \u201cQue Deus aben\u00e7oe ao Portal Cat\u00f3lico. Estamos juntos nessa miss\u00e3o. N\u00f3s n\u00e3o fazemos esta miss\u00e3o, n\u00f3s colaboramos com a miss\u00e3o de Jesus. Somos escolhidos e enviados para espalhar essa boa nova de Jesus.\u201d<\/em><\/p>\n<p class=\"x_xmsonospacing\"><em>\u00a0<\/em>Padre Moussa Serge Traore, mafr, \u00e9\u00a0<em>mestre em Estudos de Religi\u00f5es e Culturas, com especializa\u00e7\u00e3o em Isl\u00e3. Diretor do Centro Cardeal Lavigerie de Estudos e Pesquisas para o Di\u00e1logo Inter-religioso e Intercultural na UCSal.\u00a0 Ele \u00e9 autor de dois livros: The Truth in Islam (l\u2019Harmattan, 2010), e Reencontrar a Harmonia pela Miseric\u00f3rdia de Deus (O Lutador, 2016).<\/em><\/p>\n<p class=\"x_xmsonospacing\">\n","protected":false},"excerpt":{"rendered":"<p>Foi realizado em Itabuna (BA), entre os dias 11,12 e 13 de agosto de 2017, o 1\u00ba Congresso Mission\u00e1rio da CNBB da sub-regi\u00e3o VI, que abrange as Dioceses de Itabuna, Ilh\u00e9us, Eun\u00e1polis e Teixeira de Freitas\/Caravelas no sul e extremo\u00a0sul\u00a0da Bahia. Com o tema: \u201cA alegria do Evangelho\u00a0numa Igreja em estafo permanente de miss\u00e3o.\u201d\u00a0E o&nbsp;<\/p>\n<p><a class=\"btn btn-style\" href=\"https:\/\/portalcatolico.net\/portal\/padre-que-participou-do-congresso-missionario-da-cnbb-fala-sobre-a-missao-de-evangelizar\/\">Continue Reading<\/a><\/p>\n","protected":false},"author":2,"featured_media":33924,"comment_status":"open","ping_status":"open","sticky":false,"template":"","format":"standard","meta":{"footnotes":""},"categories":[65],"tags":[],"class_list":["post-33923","post","type-post","status-publish","format-standard","has-post-thumbnail","hentry","category-entrevistas"],"_links":{"self":[{"href":"https:\/\/portalcatolico.net\/portal\/wp-json\/wp\/v2\/posts\/33923","targetHints":{"allow":["GET"]}}],"collection":[{"href":"https:\/\/portalcatolico.net\/portal\/wp-json\/wp\/v2\/posts"}],"about":[{"href":"https:\/\/portalcatolico.net\/portal\/wp-json\/wp\/v2\/types\/post"}],"author":[{"embeddable":true,"href":"https:\/\/portalcatolico.net\/portal\/wp-json\/wp\/v2\/users\/2"}],"replies":[{"embeddable":true,"href":"https:\/\/portalcatolico.net\/portal\/wp-json\/wp\/v2\/comments?post=33923"}],"version-history":[{"count":3,"href":"https:\/\/portalcatolico.net\/portal\/wp-json\/wp\/v2\/posts\/33923\/revisions"}],"predecessor-version":[{"id":33927,"href":"https:\/\/portalcatolico.net\/portal\/wp-json\/wp\/v2\/posts\/33923\/revisions\/33927"}],"wp:featuredmedia":[{"embeddable":true,"href":"https:\/\/portalcatolico.net\/portal\/wp-json\/wp\/v2\/media\/33924"}],"wp:attachment":[{"href":"https:\/\/portalcatolico.net\/portal\/wp-json\/wp\/v2\/media?parent=33923"}],"wp:term":[{"taxonomy":"category","embeddable":true,"href":"https:\/\/portalcatolico.net\/portal\/wp-json\/wp\/v2\/categories?post=33923"},{"taxonomy":"post_tag","embeddable":true,"href":"https:\/\/portalcatolico.net\/portal\/wp-json\/wp\/v2\/tags?post=33923"}],"curies":[{"name":"wp","href":"https:\/\/api.w.org\/{rel}","templated":true}]}}