{"id":33919,"date":"2017-08-13T21:37:13","date_gmt":"2017-08-14T00:37:13","guid":{"rendered":"http:\/\/portalcatolico.net\/portal\/?p=33919"},"modified":"2017-08-13T21:40:10","modified_gmt":"2017-08-14T00:40:10","slug":"diocese-de-itabuna-realiza-semana-nacional-da-familia-confira-a-programacao","status":"publish","type":"post","link":"https:\/\/portalcatolico.net\/portal\/diocese-de-itabuna-realiza-semana-nacional-da-familia-confira-a-programacao\/","title":{"rendered":"Diocese de Itabuna realiza Semana Nacional da Fam\u00edlia. Confira a programa\u00e7\u00e3o!"},"content":{"rendered":"<p class=\"x_xmsonormal\"><em>Come\u00e7a amanh\u00e3 \u00a0dia 14 de agosto, a Semana da Fam\u00edlia na Diocese de Itabuna e neste ano, a reflex\u00e3o est\u00e1\u00a0em sintonia com o impulso da Igreja no Brasil para destacar a import\u00e2ncia das a\u00e7\u00f5es dos crist\u00e3os leigos e leigas na sociedade. O material, preparado pela Comiss\u00e3o Episcopal Pastoral para a Vida e a Fam\u00edlia da CNBB, por meio da Comiss\u00e3o Nacional da Pastoral Familiar (CNPF), prop\u00f5e os sete encontros da Semana Nacional da Fam\u00edlia, Leitura Orante da Palavra. O evento\u00a0\u00e9\u00a0motivado pela Comiss\u00e3o Nacional da Pastoral Familiar, organismo vinculado\u00a0\u00e0\u00a0Comiss\u00e3o Episcopal para a Vida e a Fam\u00edlia da Confer\u00eancia Nacional dos Bispos do Brasil (CNBB). Foi criada em 1992, a Semana Nacional da Fam\u00edlia e\u00a0\u00e9\u00a0realizada anualmente e integra o calend\u00e1rio das par\u00f3quias e comunidades de todo o pa\u00eds.<\/em><\/p>\n<p class=\"x_xmsonormal\"><em>Em Itabuna, todos os membros de pastorais, grupos, movimentos e comunidades estar\u00e3o\u00a0 realizando atividades e celebra\u00e7\u00f5es na pra\u00e7a Camacan, a partir das\u00a019h30min.<\/em><\/p>\n<p class=\"x_xmsonormal\"><em>\u00a0<\/em><em>O encerramento acontecer\u00e1 no dia 20 de agosto a partir das 15h, com a presen\u00e7a do bispo diocesano\u00a0Dom Carlo Alberto, que presidir\u00e1\u00a0a santa missa que ser\u00e1 celebrada na pra\u00e7a Beira Rio, em frente\u00a0 \u00e0 C\u00e2mara de Vereadores de Itabuna.<\/em><\/p>\n<p class=\"x_xmsonormal\">\u00a0<strong><em>Confira a programa\u00e7\u00e3o completa da Semana:<\/em><\/strong><\/p>\n<p class=\"x_xmsonormal\">\u00a0<em><strong>Dia 14\/08 Segunda<\/strong> &#8211; 1\u00ba\u00a0Encontro \/ P\u00e7a Camacan das 19:30 \u00e0s 21:00<\/em><\/p>\n<p class=\"x_xmsonormal\"><em>Tema:\u00a0\u201cFAMILIA, UMA LUZ PARA A VIDA EM SOCIEDADE\u201d.<\/em><\/p>\n<p class=\"x_xmsonormal\"><em>Respons\u00e1veis: Ter\u00e7o dos Homens, Paroquia da Concei\u00e7\u00e3o, Par\u00f3quia de S\u00e3o Judas, Catedral S\u00e3o Jos\u00e9\u00a0e movimento ECC<\/em><\/p>\n<p class=\"x_xmsonormal\">\u00a0<em><strong>Dia 15\/08 Ter\u00e7a<\/strong> &#8211; 2\u00ba\u00a0Encontro \/ P\u00e7a Camacan das 19:30 \u00e0s 21:00<\/em><\/p>\n<p class=\"x_xmsonormal\"><em>Tema: O PERFIL MARIANO DA IGREJA E DA FAMILIA<\/em><\/p>\n<p class=\"x_xmsonormal\"><em>Respons\u00e1veis: Par\u00f3quia N. Sra de F\u00e1tima, Legi\u00e3o de Maria, Apostolado da Ora\u00e7\u00e3o, M\u00e3e Rainha e Equipe de Nossa Senhora.<\/em><\/p>\n<p class=\"x_xmsonormal\">\u00a0<em><strong>Dia 16\/08 Quarta<\/strong> &#8211; 3\u00ba\u00a0Encontro \/ P\u00e7a Camacan das 19:30 \u00e0s 21:00<\/em><\/p>\n<p class=\"x_xmsonormal\"><em>Tema: IGREJA E FAM\u00cdLIA, COMUNH\u00c3O NA DIVERSIDADE<\/em><\/p>\n<p class=\"x_xmsonormal\"><em>Respons\u00e1veis: Par\u00f3quia Santa Rita, Movimento RCC e Concei\u00e7\u00e3o de Ferradas e Catequese<\/em><\/p>\n<p class=\"x_xmsonormal\">\u00a0<em><strong>Dia 17\/08 Quinta<\/strong> &#8211; 4\u00ba\u00a0Encontro \/ P\u00e7a Camacan das 19:30 \u00e0s 21:00<\/em><\/p>\n<p class=\"x_xmsonormal\"><em>Tema: O PERD\u00c3O DA FAM\u00cdLIA FONTE DE RECONCILIA\u00c7\u00c3O E LIBERTA\u00c7\u00c3O.<\/em><\/p>\n<p class=\"x_xmsonormal\"><em>Respons\u00e1veis: Par\u00f3quia N. Sra. Aparecida\/Calif\u00f3rnia, N. Sra da Piedade, N. Sra da Vit\u00f3rias, Movimento dos Vicentinos e Pastoral da Crian\u00e7a<\/em><\/p>\n<p class=\"x_xmsonormal\">\u00a0<em><strong>Dia 18\/08 Sexta<\/strong> &#8211; 5\u00ba\u00a0Encontro \/ P\u00e7a Camacan das 19:30 \u00e0s 21:00 hrs<\/em><\/p>\n<p class=\"x_xmsonormal\"><em>Tema: FAM\u00cdLIA E O SERVI\u00c7O CRIST\u00c3O NO MUNDO<\/em><\/p>\n<p class=\"x_xmsonormal\"><em>Respons\u00e1veis: Par\u00f3quia Sta. Maria Gorreti, Par\u00f3quia Maria Madalena, Movimento dos Cursilhos, Mece e Grupo MEFA<\/em><\/p>\n<p class=\"x_xmsonormal\">\u00a0<em><strong>Dia 19\/08 S\u00e1bado<\/strong> &#8211; 6\u00ba\u00a0Encontro \/ Pra\u00e7a da C\u00e2mara de Vereadores, ap\u00f3s as 20:00<\/em><\/p>\n<p class=\"x_xmsonormal\"><em>SHOW COM THIAGO BRADO E BANDA<\/em><\/p>\n<p class=\"x_xmsonormal\"><em>Respons\u00e1veis: Comiss\u00e3o Diocesana da Pastoral Familiar<\/em><\/p>\n<p class=\"x_xmsonormal\">\u00a0<em><strong>Dia 20\/08 Domingo<\/strong> &#8211; 7\u00ba\u00a0Encontro \/ P\u00e7a C\u00e2mara de Vereadores das 15:00 \u00e0s 18:00<\/em><\/p>\n<p class=\"x_xmsonormal\"><em>Tema: A FAM\u00cdLIA PROMOTORA DA MISERIC\u00d3RDIA NA SOCIEDADE<\/em><\/p>\n<p class=\"x_xmsonormal\"><em>Respons\u00e1veis: Par\u00f3quia Santa Inez, Par\u00f3quia Santo Ant\u00f4nio, Grupos de Jovens, Escalada, EJC e Comunidade Rainha da Paz.<\/em><\/p>\n<p class=\"x_xmsonormal\">Texto e foto:Portal Cat\u00f3lico.net<\/p>\n","protected":false},"excerpt":{"rendered":"<p>Come\u00e7a amanh\u00e3 \u00a0dia 14 de agosto, a Semana da Fam\u00edlia na Diocese de Itabuna e neste ano, a reflex\u00e3o est\u00e1\u00a0em sintonia com o impulso da Igreja no Brasil para destacar a import\u00e2ncia das a\u00e7\u00f5es dos crist\u00e3os leigos e leigas na sociedade. O material, preparado pela Comiss\u00e3o Episcopal Pastoral para a Vida e a Fam\u00edlia da&nbsp;<\/p>\n<p><a class=\"btn btn-style\" href=\"https:\/\/portalcatolico.net\/portal\/diocese-de-itabuna-realiza-semana-nacional-da-familia-confira-a-programacao\/\">Continue Reading<\/a><\/p>\n","protected":false},"author":2,"featured_media":33920,"comment_status":"open","ping_status":"open","sticky":false,"template":"","format":"standard","meta":{"footnotes":""},"categories":[4],"tags":[],"class_list":["post-33919","post","type-post","status-publish","format-standard","has-post-thumbnail","hentry","category-destaques"],"_links":{"self":[{"href":"https:\/\/portalcatolico.net\/portal\/wp-json\/wp\/v2\/posts\/33919","targetHints":{"allow":["GET"]}}],"collection":[{"href":"https:\/\/portalcatolico.net\/portal\/wp-json\/wp\/v2\/posts"}],"about":[{"href":"https:\/\/portalcatolico.net\/portal\/wp-json\/wp\/v2\/types\/post"}],"author":[{"embeddable":true,"href":"https:\/\/portalcatolico.net\/portal\/wp-json\/wp\/v2\/users\/2"}],"replies":[{"embeddable":true,"href":"https:\/\/portalcatolico.net\/portal\/wp-json\/wp\/v2\/comments?post=33919"}],"version-history":[{"count":2,"href":"https:\/\/portalcatolico.net\/portal\/wp-json\/wp\/v2\/posts\/33919\/revisions"}],"predecessor-version":[{"id":33922,"href":"https:\/\/portalcatolico.net\/portal\/wp-json\/wp\/v2\/posts\/33919\/revisions\/33922"}],"wp:featuredmedia":[{"embeddable":true,"href":"https:\/\/portalcatolico.net\/portal\/wp-json\/wp\/v2\/media\/33920"}],"wp:attachment":[{"href":"https:\/\/portalcatolico.net\/portal\/wp-json\/wp\/v2\/media?parent=33919"}],"wp:term":[{"taxonomy":"category","embeddable":true,"href":"https:\/\/portalcatolico.net\/portal\/wp-json\/wp\/v2\/categories?post=33919"},{"taxonomy":"post_tag","embeddable":true,"href":"https:\/\/portalcatolico.net\/portal\/wp-json\/wp\/v2\/tags?post=33919"}],"curies":[{"name":"wp","href":"https:\/\/api.w.org\/{rel}","templated":true}]}}