{"id":33916,"date":"2017-08-13T21:31:32","date_gmt":"2017-08-14T00:31:32","guid":{"rendered":"http:\/\/portalcatolico.net\/portal\/?p=33916"},"modified":"2017-08-13T21:31:32","modified_gmt":"2017-08-14T00:31:32","slug":"esta-aberta-oficialmente-a-semana-nacional-da-familia-em-itabuna","status":"publish","type":"post","link":"https:\/\/portalcatolico.net\/portal\/esta-aberta-oficialmente-a-semana-nacional-da-familia-em-itabuna\/","title":{"rendered":"Est\u00e1 aberta oficialmente a Semana Nacional da Fam\u00edlia em Itabuna"},"content":{"rendered":"<p class=\"x_MsoNormal\"><em>Aconteceu neste s\u00e1bado (12), em sess\u00e3o solene, \u00e0s 20h,\u00a0na C\u00e2mara Municipal de Vereadores de Itabuna, a abertura oficial da Semana Nacional da Fam\u00edlia na Diocese de Itabuna. No evento, estiveram presentes: o Bispo Diocesano, Dom Carlos Alberto dos Santos; o Assessor Eclesi\u00e1stico da Pastoral Familiar, padre Elessandro Feitosa God\u00f3i; os coordenadores da Pastoral Familiar na Diocese de Itabuna,\u00a0Luiz Camboim \u00a0e Elis\u00e2ngela Lucena; padres Alberto da Par\u00f3quia Senhor do Bonfim; padre Luiz Martins da Par\u00f3quia Santa Maria Goretti \u00a0e a juventude das par\u00f3quias da Diocese.<\/em><\/p>\n<p class=\"x_MsoNormal\"><em>Este ano, a reflex\u00e3o est\u00e1\u00a0em sintonia com o impulso da Igreja no Brasil para destacar a import\u00e2ncia das a\u00e7\u00f5es dos crist\u00e3os leigos e leigas na sociedade. O material, preparado pela Comiss\u00e3o Episcopal Pastoral para a Vida e a Fam\u00edlia da CNBB, por meio da Comiss\u00e3o Nacional da Pastoral Familiar (CNPF), prop\u00f5e os sete encontros da Semana Nacional da Fam\u00edlia, Leitura Orante da Palavra. O evento\u00a0\u00e9\u00a0motivado pela Comiss\u00e3o Nacional da Pastoral Familiar, organismo vinculado\u00a0\u00e0\u00a0Comiss\u00e3o Episcopal para a Vida e a Fam\u00edlia da Confer\u00eancia Nacional dos Bispos do Brasil (CNBB).<\/em><\/p>\n<p class=\"x_xxmsonormal\">\u00a0A Fam\u00edlia \u00e9 o centro da nossa vida crist\u00e3 e \u00e9 por ela que nasce, cresce, e tamb\u00e9m desenvolve uma sociedade\u201d, disse padre Elessandro.<\/p>\n<p class=\"x_xxmsonormal\">\u00a0<em>O encerramento acontecer\u00e1 no dia 20 de agosto a partir das 15h, com a presen\u00e7a do bispo diocesano\u00a0Dom Carlo Alberto, que presidir\u00e1\u00a0a santa missa que ser\u00e1 celebrada na pra\u00e7a Beira Rio, em frente\u00a0 \u00e0 C\u00e2mara de Vereadores de Itabuna.<\/em><\/p>\n<p class=\"x_xxmsonormal\">Texto e foto:Portal Cat\u00f3lico.net<\/p>\n<p class=\"x_xxmsonormal\">\n","protected":false},"excerpt":{"rendered":"<p>Aconteceu neste s\u00e1bado (12), em sess\u00e3o solene, \u00e0s 20h,\u00a0na C\u00e2mara Municipal de Vereadores de Itabuna, a abertura oficial da Semana Nacional da Fam\u00edlia na Diocese de Itabuna. No evento, estiveram presentes: o Bispo Diocesano, Dom Carlos Alberto dos Santos; o Assessor Eclesi\u00e1stico da Pastoral Familiar, padre Elessandro Feitosa God\u00f3i; os coordenadores da Pastoral Familiar na&nbsp;<\/p>\n<p><a class=\"btn btn-style\" href=\"https:\/\/portalcatolico.net\/portal\/esta-aberta-oficialmente-a-semana-nacional-da-familia-em-itabuna\/\">Continue Reading<\/a><\/p>\n","protected":false},"author":2,"featured_media":33917,"comment_status":"open","ping_status":"open","sticky":false,"template":"","format":"standard","meta":{"footnotes":""},"categories":[2],"tags":[],"class_list":["post-33916","post","type-post","status-publish","format-standard","has-post-thumbnail","hentry","category-eventos"],"_links":{"self":[{"href":"https:\/\/portalcatolico.net\/portal\/wp-json\/wp\/v2\/posts\/33916","targetHints":{"allow":["GET"]}}],"collection":[{"href":"https:\/\/portalcatolico.net\/portal\/wp-json\/wp\/v2\/posts"}],"about":[{"href":"https:\/\/portalcatolico.net\/portal\/wp-json\/wp\/v2\/types\/post"}],"author":[{"embeddable":true,"href":"https:\/\/portalcatolico.net\/portal\/wp-json\/wp\/v2\/users\/2"}],"replies":[{"embeddable":true,"href":"https:\/\/portalcatolico.net\/portal\/wp-json\/wp\/v2\/comments?post=33916"}],"version-history":[{"count":1,"href":"https:\/\/portalcatolico.net\/portal\/wp-json\/wp\/v2\/posts\/33916\/revisions"}],"predecessor-version":[{"id":33918,"href":"https:\/\/portalcatolico.net\/portal\/wp-json\/wp\/v2\/posts\/33916\/revisions\/33918"}],"wp:featuredmedia":[{"embeddable":true,"href":"https:\/\/portalcatolico.net\/portal\/wp-json\/wp\/v2\/media\/33917"}],"wp:attachment":[{"href":"https:\/\/portalcatolico.net\/portal\/wp-json\/wp\/v2\/media?parent=33916"}],"wp:term":[{"taxonomy":"category","embeddable":true,"href":"https:\/\/portalcatolico.net\/portal\/wp-json\/wp\/v2\/categories?post=33916"},{"taxonomy":"post_tag","embeddable":true,"href":"https:\/\/portalcatolico.net\/portal\/wp-json\/wp\/v2\/tags?post=33916"}],"curies":[{"name":"wp","href":"https:\/\/api.w.org\/{rel}","templated":true}]}}