{"id":33912,"date":"2017-08-13T21:20:17","date_gmt":"2017-08-14T00:20:17","guid":{"rendered":"http:\/\/portalcatolico.net\/portal\/?p=33912"},"modified":"2017-08-13T21:25:26","modified_gmt":"2017-08-14T00:25:26","slug":"1o-congresso-missionario-da-cnbb-encerrou-neste-domingo-em-itabuna","status":"publish","type":"post","link":"https:\/\/portalcatolico.net\/portal\/1o-congresso-missionario-da-cnbb-encerrou-neste-domingo-em-itabuna\/","title":{"rendered":"1\u00ba Congresso Mission\u00e1rio da CNBB encerrou neste domingo em Itabuna"},"content":{"rendered":"<p class=\"x_xmsonospacing\"><em>Foi realizado em Itabuna (BA), entre os dias 11,12 e 13 de agosto de 2017, o 1\u00ba Congresso Mission\u00e1rio da CNBB da sub-regi\u00e3o VI, que abrange as Dioceses de Itabuna, Ilh\u00e9us, Eun\u00e1polis e Teixeira de Freitas\/Caravelas no sul e extremo\u00a0sul\u00a0da Bahia. Com o tema: \u201cA alegria do Evangelho\u00a0numa Igreja em estafo permanente de miss\u00e3o.\u201d\u00a0E o lema: \u201cComo o pai me enviou tamb\u00e9m vos envio\u201d (JO 20,21).<\/em><\/p>\n<p class=\"x_xmsonospacing\"><em>O Congresso teve in\u00edcio na sexta-feira\u00a0(11), \u00e0s 18h30min, com a santa missa. A Celebra\u00e7\u00e3o Eucar\u00edstica\u00a0foi presidida pelo bispo Diocese de Eun\u00e1polis\u00a0e referencial da CNBB das miss\u00f5es no NE3 Sub-Regi\u00e3o VI, dom Jos\u00e9 Edson Santana de Oliveira e concelebrada por dom Mauro Montagnoli, bispo da Diocese de Ilh\u00e9us, e por dom Carlos Alberto dos Santos, bispo da Diocese de Itabuna, al\u00e9m de padres e di\u00e1conos das dioceses citadas.<\/em><\/p>\n<p class=\"x_xmsonospacing\"><em>Na homilia dom Edson disse \u201cO objetivo deste grande momento entre n\u00f3s \u00e9 impulsionar as Igrejas do Brasil para o dinamismo de sa\u00edda e caminhar junto no testemunho da alegria do Evangelho, na comunh\u00e3o do profetismo e do compromisso com as alegrias e esperan\u00e7as, as tristezas e as ang\u00fastias dos homens e mulheres de hoje\u201d.<\/em><\/p>\n<p class=\"x_xmsonospacing\"><em>A diocese de Itabuna foi anfitri\u00e3 e reuniu mais de 140 mission\u00e1rios das quatro dioceses e mais a diocese de Jequi\u00e9 que veio como convidada especial. O evento foi composto de missas, palestras, testemunhos dos mission\u00e1rios brasileiros que est\u00e3o na \u00c1frica, noite cultural, entre outros momentos de evangeliza\u00e7\u00e3o.<\/em><\/p>\n<p class=\"x_xmsonospacing\"><em>Na oportunidade, foi\u00a0 anunciada a realiza\u00e7\u00e3o do 2\u00aa Congresso Mission\u00e1rio em 2018, na Diocese de Ilh\u00e9us (BA).<\/em><\/p>\n<p class=\"x_xmsonospacing\"><em>O Congresso Mission\u00e1rio foi finalizado com a santa missa \u00e0s 11h e foi presidida pelo bispo da Diocese de Itabuna, Dom Carlos Alberto, e concelebrada por padres e di\u00e1conos das dioceses citadas acima. Ao final da celebra\u00e7\u00e3o, Dom Carlos Alberto parabenizou a coordena\u00e7\u00e3o do evento e disse: \u201cVamos come\u00e7ar uma nova etapa a partir de hoje. Voc\u00eas v\u00e3o encontrar tribula\u00e7\u00f5es, barreiras, mas n\u00e3o ter\u00e1s medo.\u201d<\/em><\/p>\n<p class=\"x_xmsonospacing\"><em>\u00a0O evento\u00a0aconteceu \u00a0no Centro Pastoral Diocesano, situado no bairro Jardim Vit\u00f3ria, em Itabuna (BA),sendo a diocese anfitri\u00e3.<\/em><\/p>\n<p class=\"x_MsoNormal\">\u00a0Texto e fotos:Portal Cat\u00f3lico.net<\/p>\n<p class=\"x_MsoNormal\">Galeria de fotos deste evento. <a href=\"http:\/\/portalcatolico.net\/portal\/index.php\/1a-congresso-missionario-na-diocese-de-itabuna\/\"><span style=\"color: #ff0000;\">Clique aqui.<\/span><\/a><\/p>\n","protected":false},"excerpt":{"rendered":"<p>Foi realizado em Itabuna (BA), entre os dias 11,12 e 13 de agosto de 2017, o 1\u00ba Congresso Mission\u00e1rio da CNBB da sub-regi\u00e3o VI, que abrange as Dioceses de Itabuna, Ilh\u00e9us, Eun\u00e1polis e Teixeira de Freitas\/Caravelas no sul e extremo\u00a0sul\u00a0da Bahia. Com o tema: \u201cA alegria do Evangelho\u00a0numa Igreja em estafo permanente de miss\u00e3o.\u201d\u00a0E o&nbsp;<\/p>\n<p><a class=\"btn btn-style\" href=\"https:\/\/portalcatolico.net\/portal\/1o-congresso-missionario-da-cnbb-encerrou-neste-domingo-em-itabuna\/\">Continue Reading<\/a><\/p>\n","protected":false},"author":2,"featured_media":33913,"comment_status":"open","ping_status":"open","sticky":false,"template":"","format":"standard","meta":{"footnotes":""},"categories":[68],"tags":[],"class_list":["post-33912","post","type-post","status-publish","format-standard","has-post-thumbnail","hentry","category-homilias"],"_links":{"self":[{"href":"https:\/\/portalcatolico.net\/portal\/wp-json\/wp\/v2\/posts\/33912","targetHints":{"allow":["GET"]}}],"collection":[{"href":"https:\/\/portalcatolico.net\/portal\/wp-json\/wp\/v2\/posts"}],"about":[{"href":"https:\/\/portalcatolico.net\/portal\/wp-json\/wp\/v2\/types\/post"}],"author":[{"embeddable":true,"href":"https:\/\/portalcatolico.net\/portal\/wp-json\/wp\/v2\/users\/2"}],"replies":[{"embeddable":true,"href":"https:\/\/portalcatolico.net\/portal\/wp-json\/wp\/v2\/comments?post=33912"}],"version-history":[{"count":2,"href":"https:\/\/portalcatolico.net\/portal\/wp-json\/wp\/v2\/posts\/33912\/revisions"}],"predecessor-version":[{"id":33915,"href":"https:\/\/portalcatolico.net\/portal\/wp-json\/wp\/v2\/posts\/33912\/revisions\/33915"}],"wp:featuredmedia":[{"embeddable":true,"href":"https:\/\/portalcatolico.net\/portal\/wp-json\/wp\/v2\/media\/33913"}],"wp:attachment":[{"href":"https:\/\/portalcatolico.net\/portal\/wp-json\/wp\/v2\/media?parent=33912"}],"wp:term":[{"taxonomy":"category","embeddable":true,"href":"https:\/\/portalcatolico.net\/portal\/wp-json\/wp\/v2\/categories?post=33912"},{"taxonomy":"post_tag","embeddable":true,"href":"https:\/\/portalcatolico.net\/portal\/wp-json\/wp\/v2\/tags?post=33912"}],"curies":[{"name":"wp","href":"https:\/\/api.w.org\/{rel}","templated":true}]}}