{"id":33909,"date":"2017-08-13T21:09:36","date_gmt":"2017-08-14T00:09:36","guid":{"rendered":"http:\/\/portalcatolico.net\/portal\/?p=33909"},"modified":"2017-08-13T21:09:36","modified_gmt":"2017-08-14T00:09:36","slug":"paroquia-santa-rita-de-cassia-realiza-eventos-em-homenagem-a-familia","status":"publish","type":"post","link":"https:\/\/portalcatolico.net\/portal\/paroquia-santa-rita-de-cassia-realiza-eventos-em-homenagem-a-familia\/","title":{"rendered":"Par\u00f3quia Santa Rita de C\u00e1ssia realiza eventos em homenagem \u00e0 Fam\u00edlia"},"content":{"rendered":"<p class=\"x_MsoNormal\"><em>A Par\u00f3quia Santa Rita de C\u00e1ssia, situada no bairro S\u00e3o Caetano em Itabuna, se organizou em torno da tradicional Semana da Fam\u00edlia e neste s\u00e1bado\u00a0finalizou com a reuni\u00e3o\u00a0com os pais que teve a participa\u00e7\u00e3o de apresenta\u00e7\u00e3o do grupo de Jovem EJC da Par\u00f3quia Senhor do Bonfim. Neste ano, foram \u00a0a par\u00f3quia teve uma programa\u00e7\u00e3o especial de 06 a 13 de agosto, nas comunidades e resid\u00eancias, sempre \u00e0s 19h.<\/em><\/p>\n<p class=\"x_MsoNormal\"><em>Foram ao todo sete encontros da Semana Nacional da Fam\u00edlia, com Leitura Orante da Palavra, ora\u00e7\u00e3o, m\u00fasica, encontro de pais e filhos, visita no\u00a0Col\u00e9gio F\u00e9lix Mendon\u00e7a,\u00a0 no bairro Sarinha Alc\u00e2ntara com a participa\u00e7\u00e3o dos professores e dos alunos.<\/em><\/p>\n<p class=\"x_MsoNormal\"><em>Nesta segunda-feira (14), todos v\u00e3o participar na pra\u00e7a Camacan, do in\u00edcio da t\u00e3o esperada Semana da Fam\u00edlia Diocesana.\u00a0<\/em><\/p>\n<p class=\"x_MsoNormal\">Texto e foto:Portal Cat\u00f3lico.net<\/p>\n<p class=\"x_MsoNormal\"><strong>Assista o video:<\/strong><\/p>\n<p><iframe loading=\"lazy\"  id=\"_ytid_53633\"  width=\"480\" height=\"270\"  data-origwidth=\"480\" data-origheight=\"270\" src=\"https:\/\/www.youtube.com\/embed\/jRrhc_akTIU?enablejsapi=1&#038;autoplay=0&#038;cc_load_policy=0&#038;cc_lang_pref=&#038;iv_load_policy=1&#038;loop=0&#038;rel=1&#038;fs=1&#038;playsinline=0&#038;autohide=2&#038;theme=dark&#038;color=red&#038;controls=1&#038;disablekb=0&#038;\" class=\"__youtube_prefs__  epyt-is-override  no-lazyload\" title=\"YouTube player\"  allow=\"fullscreen; accelerometer; autoplay; clipboard-write; encrypted-media; gyroscope; picture-in-picture; web-share\" referrerpolicy=\"strict-origin-when-cross-origin\" allowfullscreen data-no-lazy=\"1\" data-skipgform_ajax_framebjll=\"\"><\/iframe><\/p>\n","protected":false},"excerpt":{"rendered":"<p>A Par\u00f3quia Santa Rita de C\u00e1ssia, situada no bairro S\u00e3o Caetano em Itabuna, se organizou em torno da tradicional Semana da Fam\u00edlia e neste s\u00e1bado\u00a0finalizou com a reuni\u00e3o\u00a0com os pais que teve a participa\u00e7\u00e3o de apresenta\u00e7\u00e3o do grupo de Jovem EJC da Par\u00f3quia Senhor do Bonfim. Neste ano, foram \u00a0a par\u00f3quia teve uma programa\u00e7\u00e3o especial&nbsp;<\/p>\n<p><a class=\"btn btn-style\" href=\"https:\/\/portalcatolico.net\/portal\/paroquia-santa-rita-de-cassia-realiza-eventos-em-homenagem-a-familia\/\">Continue Reading<\/a><\/p>\n","protected":false},"author":2,"featured_media":33910,"comment_status":"open","ping_status":"open","sticky":false,"template":"","format":"standard","meta":{"footnotes":""},"categories":[4],"tags":[],"class_list":["post-33909","post","type-post","status-publish","format-standard","has-post-thumbnail","hentry","category-destaques"],"_links":{"self":[{"href":"https:\/\/portalcatolico.net\/portal\/wp-json\/wp\/v2\/posts\/33909","targetHints":{"allow":["GET"]}}],"collection":[{"href":"https:\/\/portalcatolico.net\/portal\/wp-json\/wp\/v2\/posts"}],"about":[{"href":"https:\/\/portalcatolico.net\/portal\/wp-json\/wp\/v2\/types\/post"}],"author":[{"embeddable":true,"href":"https:\/\/portalcatolico.net\/portal\/wp-json\/wp\/v2\/users\/2"}],"replies":[{"embeddable":true,"href":"https:\/\/portalcatolico.net\/portal\/wp-json\/wp\/v2\/comments?post=33909"}],"version-history":[{"count":1,"href":"https:\/\/portalcatolico.net\/portal\/wp-json\/wp\/v2\/posts\/33909\/revisions"}],"predecessor-version":[{"id":33911,"href":"https:\/\/portalcatolico.net\/portal\/wp-json\/wp\/v2\/posts\/33909\/revisions\/33911"}],"wp:featuredmedia":[{"embeddable":true,"href":"https:\/\/portalcatolico.net\/portal\/wp-json\/wp\/v2\/media\/33910"}],"wp:attachment":[{"href":"https:\/\/portalcatolico.net\/portal\/wp-json\/wp\/v2\/media?parent=33909"}],"wp:term":[{"taxonomy":"category","embeddable":true,"href":"https:\/\/portalcatolico.net\/portal\/wp-json\/wp\/v2\/categories?post=33909"},{"taxonomy":"post_tag","embeddable":true,"href":"https:\/\/portalcatolico.net\/portal\/wp-json\/wp\/v2\/tags?post=33909"}],"curies":[{"name":"wp","href":"https:\/\/api.w.org\/{rel}","templated":true}]}}