{"id":33905,"date":"2017-08-13T18:44:25","date_gmt":"2017-08-13T21:44:25","guid":{"rendered":"http:\/\/portalcatolico.net\/portal\/?p=33905"},"modified":"2017-08-13T18:44:25","modified_gmt":"2017-08-13T21:44:25","slug":"iam-encontro-de-lideres-missionarios-infantis","status":"publish","type":"post","link":"https:\/\/portalcatolico.net\/portal\/iam-encontro-de-lideres-missionarios-infantis\/","title":{"rendered":"IAM: Encontro de l\u00edderes mission\u00e1rios Infantis"},"content":{"rendered":"<p>Forma\u00e7\u00e3o, na diocese de Caic\u00f3 (RN) contou com a participa\u00e7\u00e3o de 72 pessoas entre crian\u00e7as, adolescentes, coordenadores e assessores da IAM<\/p>\n<p>A Inf\u00e2ncia e Adolesc\u00eancia Mission\u00e1ria (IAM) da diocese de Caic\u00f3 no Rio Grande do Norte, realizou mais um Encontro de L\u00edderes Mission\u00e1rios Infantis (ELMI).<\/p>\n<p>Com o tema \u201cA alegria de ser l\u00edder, disc\u00edpulo mission\u00e1rio de Jesus Cristo\u201d, a forma\u00e7\u00e3o aconteceu nos dias 5 e 6 de agosto, na par\u00f3quia de S\u00e3o Jos\u00e9, cidade de Carna\u00faba dos Dantas (RN). Conduziram os trabalhos o assessor eclesi\u00e1stico da IAM na diocese, padre Jo\u00e3o J\u00fanior, juntamente com as religiosas e assessoras diocesanas da IAM, Irm\u00e3s Ros\u00e2ngela Macedo e Concei\u00e7\u00e3o Batista, que coordenaram todo o encontro.<\/p>\n<p><img loading=\"lazy\" decoding=\"async\" class=\" wp-image-4435 alignright\" src=\"http:\/\/www.pom.org.br\/wp-content\/uploads\/2017\/08\/img-20170806-wa0069-300x168.jpg\" srcset=\"http:\/\/www.pom.org.br\/wp-content\/uploads\/2017\/08\/img-20170806-wa0069-300x168.jpg 300w, http:\/\/www.pom.org.br\/wp-content\/uploads\/2017\/08\/img-20170806-wa0069-768x431.jpg 768w, http:\/\/www.pom.org.br\/wp-content\/uploads\/2017\/08\/img-20170806-wa0069-1024x575.jpg 1024w, http:\/\/www.pom.org.br\/wp-content\/uploads\/2017\/08\/img-20170806-wa0069.jpg 1040w\" alt=\"IMG-20170806-WA0069\" width=\"411\" height=\"230\" \/>\u201cForam dois dias ricos em espiritualidade, forma\u00e7\u00e3o e integra\u00e7\u00e3o mission\u00e1ria\u201d, relata Ros\u00e2ngela Macedo. \u201cAs fam\u00edlias da cidade acolheram em suas casas, com imenso carinho, os coordenadores e assessores da IAM em uma verdadeira a\u00e7\u00e3o mission\u00e1ria\u201d.<\/p>\n<p>A programa\u00e7\u00e3o incluiu oficinas de teatro, dan\u00e7a, m\u00fasica, conto de hist\u00f3ria e din\u00e2micas. Houve ainda o Momento com Maria, a M\u00e3e de todos os povos, com a ora\u00e7\u00e3o do Ter\u00e7o Luminoso subindo o Monte de Nossa Senhora das Vit\u00f3rias, espa\u00e7o de Romaria naquele munic\u00edpio.<\/p>\n<p>Um momento cultural com apresenta\u00e7\u00f5es de m\u00fasicas participa\u00e7\u00e3o dos coordenadores cantores e cantoras alegrou o encontro.<\/p>\n<p>Por meio de exibi\u00e7\u00e3o de v\u00eddeos, foram tamb\u00e9m recordadas a hist\u00f3ria da IAM e dos padroeiros, S\u00e3o Francisco Xavier e Teresinha do Menino Jesus, e de S\u00e3o Paulo Tchen. O momento de partilha nos grupos, onde todos puderam partilhar os sentimentos, as impress\u00f5es e provoca\u00e7\u00f5es foi marcante.<\/p>\n<p><img loading=\"lazy\" decoding=\"async\" class=\" wp-image-4436 alignleft\" src=\"http:\/\/www.pom.org.br\/wp-content\/uploads\/2017\/08\/img-20170806-wa0068-300x168.jpg\" srcset=\"http:\/\/www.pom.org.br\/wp-content\/uploads\/2017\/08\/img-20170806-wa0068-300x168.jpg 300w, http:\/\/www.pom.org.br\/wp-content\/uploads\/2017\/08\/img-20170806-wa0068-768x431.jpg 768w, http:\/\/www.pom.org.br\/wp-content\/uploads\/2017\/08\/img-20170806-wa0068-1024x575.jpg 1024w, http:\/\/www.pom.org.br\/wp-content\/uploads\/2017\/08\/img-20170806-wa0068.jpg 1040w\" alt=\"IMG-20170806-WA0068\" width=\"412\" height=\"231\" \/>A missa de encerramento foi presidida pelo bispo diocesano, dom Ant\u00f4nio Carlos, e concelebrada pelo p\u00e1roco loca, padre Jaime. Na Festa da Transfigura\u00e7\u00e3o do Senhor, o bispo convidou a \u201csubirmos o Monte com Jesus. Contempl\u00e1-lo e com Ele descermos para fazer a miss\u00e3o, com verdadeira convic\u00e7\u00e3o de disc\u00edpulos mission\u00e1rios da alegria\u201d.<\/p>\n<p>Participaram do encontro 72 pessoas entre crian\u00e7as e adolescentes coordenadores, acompanhados de seus assessores paroquiais, vindos das cidades de Carna\u00faba dos Dantas, Cruzeta, Currais Novos, Jardim do Serid\u00f3, Flor\u00e2nia, Cerro Cor\u00e1, Parelhas e Bod\u00f3.<\/p>\n<p><em>Com informa\u00e7\u00f5es da IAM, diocese de Caic\u00f3 (RN)<\/em><\/p>\n","protected":false},"excerpt":{"rendered":"<p>Forma\u00e7\u00e3o, na diocese de Caic\u00f3 (RN) contou com a participa\u00e7\u00e3o de 72 pessoas entre crian\u00e7as, adolescentes, coordenadores e assessores da IAM A Inf\u00e2ncia e Adolesc\u00eancia Mission\u00e1ria (IAM) da diocese de Caic\u00f3 no Rio Grande do Norte, realizou mais um Encontro de L\u00edderes Mission\u00e1rios Infantis (ELMI). Com o tema \u201cA alegria de ser l\u00edder, disc\u00edpulo mission\u00e1rio&nbsp;<\/p>\n<p><a class=\"btn btn-style\" href=\"https:\/\/portalcatolico.net\/portal\/iam-encontro-de-lideres-missionarios-infantis\/\">Continue Reading<\/a><\/p>\n","protected":false},"author":2,"featured_media":33906,"comment_status":"open","ping_status":"open","sticky":false,"template":"","format":"standard","meta":{"footnotes":""},"categories":[3],"tags":[],"class_list":["post-33905","post","type-post","status-publish","format-standard","has-post-thumbnail","hentry","category-noticias_regionais"],"_links":{"self":[{"href":"https:\/\/portalcatolico.net\/portal\/wp-json\/wp\/v2\/posts\/33905","targetHints":{"allow":["GET"]}}],"collection":[{"href":"https:\/\/portalcatolico.net\/portal\/wp-json\/wp\/v2\/posts"}],"about":[{"href":"https:\/\/portalcatolico.net\/portal\/wp-json\/wp\/v2\/types\/post"}],"author":[{"embeddable":true,"href":"https:\/\/portalcatolico.net\/portal\/wp-json\/wp\/v2\/users\/2"}],"replies":[{"embeddable":true,"href":"https:\/\/portalcatolico.net\/portal\/wp-json\/wp\/v2\/comments?post=33905"}],"version-history":[{"count":1,"href":"https:\/\/portalcatolico.net\/portal\/wp-json\/wp\/v2\/posts\/33905\/revisions"}],"predecessor-version":[{"id":33907,"href":"https:\/\/portalcatolico.net\/portal\/wp-json\/wp\/v2\/posts\/33905\/revisions\/33907"}],"wp:featuredmedia":[{"embeddable":true,"href":"https:\/\/portalcatolico.net\/portal\/wp-json\/wp\/v2\/media\/33906"}],"wp:attachment":[{"href":"https:\/\/portalcatolico.net\/portal\/wp-json\/wp\/v2\/media?parent=33905"}],"wp:term":[{"taxonomy":"category","embeddable":true,"href":"https:\/\/portalcatolico.net\/portal\/wp-json\/wp\/v2\/categories?post=33905"},{"taxonomy":"post_tag","embeddable":true,"href":"https:\/\/portalcatolico.net\/portal\/wp-json\/wp\/v2\/tags?post=33905"}],"curies":[{"name":"wp","href":"https:\/\/api.w.org\/{rel}","templated":true}]}}