{"id":33899,"date":"2017-08-13T16:47:52","date_gmt":"2017-08-13T19:47:52","guid":{"rendered":"http:\/\/portalcatolico.net\/portal\/?p=33899"},"modified":"2017-08-13T16:48:43","modified_gmt":"2017-08-13T19:48:43","slug":"cnbb-estimula-jornada-de-jejum-e-oracao-pelo-brasil","status":"publish","type":"post","link":"https:\/\/portalcatolico.net\/portal\/cnbb-estimula-jornada-de-jejum-e-oracao-pelo-brasil\/","title":{"rendered":"CNBB estimula Jornada de Jejum e Ora\u00e7\u00e3o pelo Brasil"},"content":{"rendered":"<p>O Conselho Permanente de Pastoral (Consep) da Confer\u00eancia Nacional dos Bispos do Brasil (CNBB) est\u00e1 organizando a Jornada de Jejum e Ora\u00e7\u00e3o pelo Brasil para o dia 7 de setembro. A iniciativa do episcopado brasileiro surgiu ap\u00f3s reflex\u00f5es sobre o momento atual enfrentado pelo pa\u00eds.<\/p>\n<p>Um dos trechos da ora\u00e7\u00e3o encaminhada aos bispos brasileiros pede: \u201cAjudai-nos a construir um pa\u00eds justo e fraterno. Que todos estejamos atentos \u00e0s necessidades das pessoas mais fragilizadas e indefesas! Que o di\u00e1logo e o respeito ven\u00e7am o \u00f3dio e os conflitos! Que as barreiras sejam superadas por meio do encontro e da reconcilia\u00e7\u00e3o! Que a pol\u00edtica esteja, de fato, a servi\u00e7o da pessoa e da sociedade e n\u00e3o dos interesses pessoais, partid\u00e1rios e de grupos\u201d.<\/p>\n<p>Confira a \u00edntegra da ora\u00e7\u00e3o:<\/p>\n<p><strong>JORNADA DE ORA\u00c7\u00c3O PELO BRASIL<\/strong><\/p>\n<p><strong>Semana da P\u00e1tria<\/strong><\/p>\n<p>1\u00ba a 07 de setembro de 2017<\/p>\n<p><strong>07 de setembro \u2013 dia da P\u00e1tria: Vida em primeiro lugar<\/strong><\/p>\n<p><em>\u201c<\/em><em>A paz \u00e9 o nome de Deus\u201d<\/em> <em>(Papa Francisco)<\/em><\/p>\n<p>Diante do grave momento vivido por nosso pa\u00eds, dirijamos <em>nossa ora\u00e7\u00e3o a Deus, pedindo a b\u00ean\u00e7\u00e3o da paz para o Brasil.<\/em><\/p>\n<p><em>Pai misericordioso, n\u00f3s vos pedimos pelo Brasil!<\/em><\/p>\n<p>Vivemos um momento triste, marcado por injusti\u00e7as e viol\u00eancia. Para construirmos a justi\u00e7a e a paz, em nosso pa\u00eds, necessitamos muito do vosso amor misericordioso, que nunca se cansa de perdoar.<\/p>\n<p><em>Pai misericordioso, n\u00f3s vos pedimos pelo Brasil!<\/em><\/p>\n<p>Estamos indignados, diante de tanta corrup\u00e7\u00e3o e viol\u00eancia que espalham morte e inseguran\u00e7a. Pedimos perd\u00e3o e convers\u00e3o. N\u00f3s cremos no vosso amor misericordioso que nos ajuda a vencer as causas dos graves problemas do Pa\u00eds: injusti\u00e7a e desigualdade, ambi\u00e7\u00e3o de poder e gan\u00e2ncia, explora\u00e7\u00e3o e desprezo pela vida humana.<\/p>\n<p><em>Pai misericordioso, n\u00f3s vos pedimos pelo Brasil!<\/em><\/p>\n<p>Ajudai-nos a construir um pa\u00eds justo e fraterno. Que todos estejamos atentos \u00e0s necessidades das pessoas mais fragilizadas e indefesas! Que o di\u00e1logo e o respeito ven\u00e7am o \u00f3dio e os conflitos! Que as barreiras sejam superadas por meio do encontro e da reconcilia\u00e7\u00e3o! Que a pol\u00edtica esteja, de fato, a servi\u00e7o da pessoa e da sociedade e n\u00e3o dos interesses pessoais, partid\u00e1rios e de grupos.<\/p>\n<p><em>Pai misericordioso, n\u00f3s vos pedimos pelo Brasil!<\/em><\/p>\n<p>Vosso Filho, Jesus, nos ensinou: <em>\u201cPedi e recebereis\u201d<\/em>. Por isso, n\u00f3s vos pedimos confiantes: fazei que n\u00f3s, brasileiros e brasileiras, sejamos agentes da paz, iluminados pela Palavra e alimentados pela Eucaristia.<\/p>\n<p><em>Pai misericordioso, n\u00f3s vos pedimos pelo Brasil!<\/em><\/p>\n<p>Vosso filho Jesus est\u00e1 no meio de n\u00f3s, trazendo-nos esperan\u00e7a e for\u00e7a para caminhar. A comunh\u00e3o eucar\u00edstica seja fonte de comunh\u00e3o fraterna e de paz, em nossas comunidades, nas fam\u00edlias e nas ruas.<\/p>\n<p><em>Pai misericordioso, n\u00f3s vos pedimos pelo Brasil!<\/em><\/p>\n<p>Neste ano em que celebramos os 300 anos do encontro da imagem de Nossa Senhora Aparecida, queremos seguir o exemplo de Maria, permanecendo unidos a Jesus Cristo, que convosco vive, na unidade do Esp\u00edrito Santo.<\/p>\n<p>Am\u00e9m!<\/p>\n<p>(Pai nosso! Ave, Maria! Gl\u00f3ria ao Pai, ao Filho e ao Esp\u00edrito Santo!)<\/p>\n<p>Fonte:Arquidiocese de Salvador<\/p>\n","protected":false},"excerpt":{"rendered":"<p>O Conselho Permanente de Pastoral (Consep) da Confer\u00eancia Nacional dos Bispos do Brasil (CNBB) est\u00e1 organizando a Jornada de Jejum e Ora\u00e7\u00e3o pelo Brasil para o dia 7 de setembro. A iniciativa do episcopado brasileiro surgiu ap\u00f3s reflex\u00f5es sobre o momento atual enfrentado pelo pa\u00eds. Um dos trechos da ora\u00e7\u00e3o encaminhada aos bispos brasileiros pede:&nbsp;<\/p>\n<p><a class=\"btn btn-style\" href=\"https:\/\/portalcatolico.net\/portal\/cnbb-estimula-jornada-de-jejum-e-oracao-pelo-brasil\/\">Continue Reading<\/a><\/p>\n","protected":false},"author":2,"featured_media":33900,"comment_status":"open","ping_status":"open","sticky":false,"template":"","format":"standard","meta":{"footnotes":""},"categories":[3],"tags":[],"class_list":["post-33899","post","type-post","status-publish","format-standard","has-post-thumbnail","hentry","category-noticias_regionais"],"_links":{"self":[{"href":"https:\/\/portalcatolico.net\/portal\/wp-json\/wp\/v2\/posts\/33899","targetHints":{"allow":["GET"]}}],"collection":[{"href":"https:\/\/portalcatolico.net\/portal\/wp-json\/wp\/v2\/posts"}],"about":[{"href":"https:\/\/portalcatolico.net\/portal\/wp-json\/wp\/v2\/types\/post"}],"author":[{"embeddable":true,"href":"https:\/\/portalcatolico.net\/portal\/wp-json\/wp\/v2\/users\/2"}],"replies":[{"embeddable":true,"href":"https:\/\/portalcatolico.net\/portal\/wp-json\/wp\/v2\/comments?post=33899"}],"version-history":[{"count":1,"href":"https:\/\/portalcatolico.net\/portal\/wp-json\/wp\/v2\/posts\/33899\/revisions"}],"predecessor-version":[{"id":33901,"href":"https:\/\/portalcatolico.net\/portal\/wp-json\/wp\/v2\/posts\/33899\/revisions\/33901"}],"wp:featuredmedia":[{"embeddable":true,"href":"https:\/\/portalcatolico.net\/portal\/wp-json\/wp\/v2\/media\/33900"}],"wp:attachment":[{"href":"https:\/\/portalcatolico.net\/portal\/wp-json\/wp\/v2\/media?parent=33899"}],"wp:term":[{"taxonomy":"category","embeddable":true,"href":"https:\/\/portalcatolico.net\/portal\/wp-json\/wp\/v2\/categories?post=33899"},{"taxonomy":"post_tag","embeddable":true,"href":"https:\/\/portalcatolico.net\/portal\/wp-json\/wp\/v2\/tags?post=33899"}],"curies":[{"name":"wp","href":"https:\/\/api.w.org\/{rel}","templated":true}]}}