{"id":33895,"date":"2017-08-13T15:19:36","date_gmt":"2017-08-13T18:19:36","guid":{"rendered":"http:\/\/portalcatolico.net\/portal\/?p=33895"},"modified":"2017-08-13T15:19:36","modified_gmt":"2017-08-13T18:19:36","slug":"a-fe-e-uma-mao-que-ajuda-a-ultrapassar-as-tempestades-existenciais","status":"publish","type":"post","link":"https:\/\/portalcatolico.net\/portal\/a-fe-e-uma-mao-que-ajuda-a-ultrapassar-as-tempestades-existenciais\/","title":{"rendered":"A f\u00e9 \u00e9 uma m\u00e3o que ajuda a ultrapassar as tempestades existenciais"},"content":{"rendered":"<p>Pra\u00e7a de S\u00e3o Pedro bastante cheia de fi\u00e9is neste domingo de meados de agosto, m\u00eas de f\u00e9rias no hemisf\u00e9rio norte, para ouvir as reflex\u00f5es do Papa, ao meio dia, e rezar com ele o Angelus.<\/p>\n<p>Francisco comentou o Evangelho deste domingo, em que S\u00e3o Mateus descreve Jesus que caminha sobre as \u00e1guas no lago da Galileia. Depois de ter passado a noite a rezar nas margens do lago, Jesus se dirige ao barco dos seus disc\u00edpulos que se encontrava bloqueado no meio do lago devido a um forte vento contr\u00e1rio. Jesus vai em direc\u00e7\u00e3o a eles caminhando sobre as \u00e1guas e os disc\u00edpulos enchem-se de medo, pensando que se trata de um fantasma. Mas Jesus diz-lhes: \u201cCoragem, sou eu, n\u00e3o tenhais medo!\u201d E Pedro diz-lhe: \u201cSenhor, se \u00e9s tu, ordena que eu v\u00e1 em direc\u00e7\u00e3o a ti, sobre as \u00e1guas\u201d; e Jesus chama-o: \u201cVem!\u201d. Mas por causa do vento ele come\u00e7a a vacilar e a afundar e grita \u201cSenhor salva-me!\u201d e Jesus lhe estende a m\u00e3o e segura-o.<\/p>\n<p>Um conto que faz reflectir sobre a nossa f\u00e9 \u2013 disse o Papa:<\/p>\n<p>\u201c<strong>Este conto do Evangelho contem um rico simbolismo e nos faz reflectir sobre a nossa f\u00e9, tanto como indiv\u00edduos, que como comunidade eclesial, e mesmo a nossa f\u00e9 de n\u00f3s que estamos aqui hoje, na Pra\u00e7a. A comunidade, esta comunidade eclesial tem f\u00e9? Como \u00e9 a f\u00e9 de cada um de n\u00f3s e a f\u00e9 da nossa comunidade?<\/strong>\u201d \u2013 perguntou Francisco recordando que o barco descrito no Evangelho \u00e9 a vida de cada um de n\u00f3s, mas tamb\u00e9m a vida da Igreja.<\/p>\n<p>\u201c<strong>O vento contr\u00e1rio representa as dificuldades e as prova\u00e7\u00f5es. A invoca\u00e7\u00e3o de Pedro \u201cSenhor ordena que v\u00e1 em direc\u00e7\u00e3o a ti!\u201d e o seu grito: \u201cSenhor salva-me\u201d assemelham muito ao nosso desejo de sentir a proximidade do Senhor, mas tamb\u00e9m o medo e a ang\u00fastia que acompanham os momentos mais duros da nossa vida e das nossas comunidades, marcada pela fragilidade interna e por dificuldades externas<\/strong>\u201d.<\/p>\n<p>O Papa fez depois notar que tal como Pedro a quem n\u00e3o bastaram as palavras de Jesus para se sentir seguro, tamb\u00e9m a n\u00f3s pode acontecer o mesmo e sermos levados at\u00e9 a recorrer a hor\u00f3scopos e cartomantes e quando isto acontece \u00e9 que estamos afundar. E sublinhou que o Evangelho deste domingo nos recorda que a f\u00e9 no Senhor e na Sua Palavra n\u00e3o nos abre um caminho onde tudo \u00e9 f\u00e1cil e tranquilo e pediu repetidamente que n\u00e3o nos esque\u00e7amos isto:<\/p>\n<p>\u201c<strong>A f\u00e9 nos d\u00e1 a seguran\u00e7a de uma Presen\u00e7a, a presen\u00e7a de Jesus, que nos leva a ultrapassar as tempestades existenciais, a certeza de uma m\u00e3o que nos agarra para nos ajudar a enfrentar as dificuldades, indicando-nos o caminho, mesmo quando \u00e9 escuro. Em suma, a f\u00e9 n\u00e3o \u00e9 uma via de fuga dos problemas da vida, mas nos apoia no caminhada e lhe d\u00e1 um sentido<\/strong>\u201d.<\/p>\n<p>O Papa afirmou ainda que o epis\u00f3dio do Evangelho deste domingo \u00e9 uma imagem extraordin\u00e1ria da realidade da Igreja de todos os tempos: uma barca que ao longo da travessia tem de enfrentar ventos contr\u00e1rios e tempestades que amea\u00e7am tomar conta dela.<\/p>\n<p>\u201c<strong>O que a salva n\u00e3o s\u00e3o a coragem e a qualidade dos seus homens: a garantia contra o naufr\u00e1gio \u00e9 a f\u00e9 em Cristo e na sua Palavra. Esta \u00e9 a garantia: a f\u00e9 em Jesus Cristo e na sua Palavra<\/strong>.\u201d<\/p>\n<p>Nesta barca estamos seguros n\u00e3o obstante as nossas fraquezas e mis\u00e9rias, sobretudo quando nos ajoelhamos para adorar Cristo e, tal como fizeram os disc\u00edpulos lhe dizemos \u201cTu \u00e9s verdadeiramente o Filho de Deus\u201d \u2013 disse Francisco que rematou:<\/p>\n<p>\u201c<strong>Que belo dizer a Jesus esta palavra <\/strong>\u201c<strong>Tu \u00e9s verdadeiramente o Filho de Deus<\/strong>!\u201d<\/p>\n<p>E pediu aos presentes que o repetissem juntamente com ele e depois deixou-os diz\u00ea-lo sozinhos\u2026<\/p>\n<p>O Papa concluiu pedindo \u00e0 Virgem Maria para nos ajudar a permanecer bem firmes na f\u00e9 para resistirmos \u00e0s tempestades da vida, a permanecermos na barca da Igreja, afastando a tenta\u00e7\u00e3o de subir para as embarca\u00e7\u00f5es atraentes, mas inseguras das ideologias, das modas, e dos slogans.<\/p>\n<p>Depois da ora\u00e7\u00e3o do Angelus, o Papa saudou diversos grupos presentes na Pra\u00e7a de S\u00e3o Pedro, e pediu que nos esque\u00e7amos de rezar por ele.<\/p>\n<p>Fonte:R\u00e1dio Vaticano<\/p>\n","protected":false},"excerpt":{"rendered":"<p>Pra\u00e7a de S\u00e3o Pedro bastante cheia de fi\u00e9is neste domingo de meados de agosto, m\u00eas de f\u00e9rias no hemisf\u00e9rio norte, para ouvir as reflex\u00f5es do Papa, ao meio dia, e rezar com ele o Angelus. Francisco comentou o Evangelho deste domingo, em que S\u00e3o Mateus descreve Jesus que caminha sobre as \u00e1guas no lago da&nbsp;<\/p>\n<p><a class=\"btn btn-style\" href=\"https:\/\/portalcatolico.net\/portal\/a-fe-e-uma-mao-que-ajuda-a-ultrapassar-as-tempestades-existenciais\/\">Continue Reading<\/a><\/p>\n","protected":false},"author":2,"featured_media":33896,"comment_status":"open","ping_status":"open","sticky":false,"template":"","format":"standard","meta":{"footnotes":""},"categories":[5],"tags":[],"class_list":["post-33895","post","type-post","status-publish","format-standard","has-post-thumbnail","hentry","category-igreja_no_mundo"],"_links":{"self":[{"href":"https:\/\/portalcatolico.net\/portal\/wp-json\/wp\/v2\/posts\/33895","targetHints":{"allow":["GET"]}}],"collection":[{"href":"https:\/\/portalcatolico.net\/portal\/wp-json\/wp\/v2\/posts"}],"about":[{"href":"https:\/\/portalcatolico.net\/portal\/wp-json\/wp\/v2\/types\/post"}],"author":[{"embeddable":true,"href":"https:\/\/portalcatolico.net\/portal\/wp-json\/wp\/v2\/users\/2"}],"replies":[{"embeddable":true,"href":"https:\/\/portalcatolico.net\/portal\/wp-json\/wp\/v2\/comments?post=33895"}],"version-history":[{"count":1,"href":"https:\/\/portalcatolico.net\/portal\/wp-json\/wp\/v2\/posts\/33895\/revisions"}],"predecessor-version":[{"id":33897,"href":"https:\/\/portalcatolico.net\/portal\/wp-json\/wp\/v2\/posts\/33895\/revisions\/33897"}],"wp:featuredmedia":[{"embeddable":true,"href":"https:\/\/portalcatolico.net\/portal\/wp-json\/wp\/v2\/media\/33896"}],"wp:attachment":[{"href":"https:\/\/portalcatolico.net\/portal\/wp-json\/wp\/v2\/media?parent=33895"}],"wp:term":[{"taxonomy":"category","embeddable":true,"href":"https:\/\/portalcatolico.net\/portal\/wp-json\/wp\/v2\/categories?post=33895"},{"taxonomy":"post_tag","embeddable":true,"href":"https:\/\/portalcatolico.net\/portal\/wp-json\/wp\/v2\/tags?post=33895"}],"curies":[{"name":"wp","href":"https:\/\/api.w.org\/{rel}","templated":true}]}}