{"id":892,"date":"2016-08-19T18:38:35","date_gmt":"2016-08-19T18:38:35","guid":{"rendered":"http:\/\/portalcatolico.net\/portal\/?p=892"},"modified":"2016-08-19T21:50:37","modified_gmt":"2016-08-19T21:50:37","slug":"papa-colocar-se-no-lugar-do-outro-e-sentir-o-seu-coracao","status":"publish","type":"post","link":"http:\/\/portalcatolico.net\/portal\/papa-colocar-se-no-lugar-do-outro-e-sentir-o-seu-coracao\/","title":{"rendered":"Papa: &#8220;Colocar-se no lugar do outro e sentir o seu cora\u00e7\u00e3o&#8221;"},"content":{"rendered":"<p style=\"text-align: justify;\">Est\u00e1 em andamento em Rimini, nordeste da It\u00e1lia, o <a href=\"http:\/\/www.meetingrimini.org\/\" target=\"_blank\">XXXVII Encontro da Amizade entre os Povos<\/a>, evento promovido pelo Movimento \u2018Comunh\u00e3o e Liberta\u00e7\u00e3o\u2019 foi presenteado nesta sexta-feira com uma mensagem do Papa Francisco.<\/p>\n<p style=\"text-align: justify;\">O encontro deste ano tem o t\u00edtulo <strong>\u201cTu \u00e9s um bem para mim\u201d<\/strong>, que o Pont\u00edfice define \u2018corajoso\u2019. \u201cDiante das amea\u00e7as \u00e0 paz e da inseguran\u00e7a dos povos e na\u00e7\u00f5es, afirma, ter\u00edamos que tomar consci\u00eancia de que a inseguran\u00e7a existencial nos faz ter medo do outro, como se ele fosse um antagonista que nos roubasse espa\u00e7o e invadisse os confins que constru\u00edmos. Mas nestes tempos que mudam, quem pode pensar em se salvar sozinho, com suas \u00fanicas for\u00e7as?\u201d, questiona Francisco.<\/p>\n<p style=\"text-align: justify;\"><strong>Di\u00e1logo, a palavra-chave<\/strong><\/p>\n<p style=\"text-align: justify;\">\u201cEntretanto, ressalva ainda o Papa, existe uma palavra que n\u00e3o devemos nunca cansar de repetir e principalmente, de testemunhar: di\u00e1logo. Abrir-se aos outros n\u00e3o empobrece nosso olhar, mas nos enriquece, porque nos faz identificar a verdade do outro e a import\u00e2ncia de sua experi\u00eancia, mesmo que escondam escolhas e comportamentos com os quais n\u00e3o concordamos\u201d.<\/p>\n<p style=\"text-align: justify;\">Para o Pont\u00edfice, \u201co verdadeiro encontro implica a clareza da pr\u00f3pria identidade, mas ao mesmo tempo, a disponibilidade em se colocar no lugar do outro para sentir aquilo que agita seu cora\u00e7\u00e3o. Este \u00e9 o desafio diante do qual se encontram todos os homens de boa vontade\u201d.<\/p>\n<p style=\"text-align: justify;\"><strong>Como responder a este desafio?<\/strong><\/p>\n<p style=\"text-align: justify;\">O Papa, concluindo, avan\u00e7a a sua proposta: \u201cNosso dever, como disc\u00edpulos de Jesus, coincide com a miss\u00e3o a que fomos chamados: o an\u00fancio do Evangelho, que se traduz hoje em ir ao encontro das feridas do homem, levando a presen\u00e7a forte e simples de Jesus, sua miseric\u00f3rdia consoladora e encorajadora\u201d.<\/p>\n<p style=\"text-align: justify;\">Estes s\u00e3o os votos de Francisco aos membros do Movimento: \u201cContinuem em seu compromisso de solidariedade com os outros, servindo-os com alegria, segundo o ensinamento de seu inspirador, <a href=\"http:\/\/it.clonline.org\/luigi-giussani-il-fondatore-di-comunione-e-liberazione\/default.asp?id=443\" target=\"_blank\">Pe. Luigi Giussani<\/a>.<\/p>\n<p style=\"text-align: justify;\">Com informa\u00e7\u00f5es da R\u00e1dio Vaticano<\/p>\n","protected":false},"excerpt":{"rendered":"<p>Est\u00e1 em andamento em Rimini, nordeste da It\u00e1lia, o XXXVII Encontro da Amizade entre os Povos, evento promovido pelo Movimento \u2018Comunh\u00e3o e Liberta\u00e7\u00e3o\u2019 foi presenteado nesta sexta-feira com uma mensagem do Papa Francisco. O encontro deste ano tem o t\u00edtulo \u201cTu \u00e9s um bem para mim\u201d, que o Pont\u00edfice define \u2018corajoso\u2019. \u201cDiante das amea\u00e7as \u00e0&nbsp;<\/p>\n<p><a class=\"btn btn-style\" href=\"http:\/\/portalcatolico.net\/portal\/papa-colocar-se-no-lugar-do-outro-e-sentir-o-seu-coracao\/\">Continue Reading<\/a><\/p>\n","protected":false},"author":2,"featured_media":894,"comment_status":"open","ping_status":"open","sticky":false,"template":"","format":"standard","meta":{"footnotes":""},"categories":[5],"tags":[],"class_list":["post-892","post","type-post","status-publish","format-standard","has-post-thumbnail","hentry","category-igreja_no_mundo"],"_links":{"self":[{"href":"http:\/\/portalcatolico.net\/portal\/wp-json\/wp\/v2\/posts\/892","targetHints":{"allow":["GET"]}}],"collection":[{"href":"http:\/\/portalcatolico.net\/portal\/wp-json\/wp\/v2\/posts"}],"about":[{"href":"http:\/\/portalcatolico.net\/portal\/wp-json\/wp\/v2\/types\/post"}],"author":[{"embeddable":true,"href":"http:\/\/portalcatolico.net\/portal\/wp-json\/wp\/v2\/users\/2"}],"replies":[{"embeddable":true,"href":"http:\/\/portalcatolico.net\/portal\/wp-json\/wp\/v2\/comments?post=892"}],"version-history":[{"count":1,"href":"http:\/\/portalcatolico.net\/portal\/wp-json\/wp\/v2\/posts\/892\/revisions"}],"predecessor-version":[{"id":895,"href":"http:\/\/portalcatolico.net\/portal\/wp-json\/wp\/v2\/posts\/892\/revisions\/895"}],"wp:featuredmedia":[{"embeddable":true,"href":"http:\/\/portalcatolico.net\/portal\/wp-json\/wp\/v2\/media\/894"}],"wp:attachment":[{"href":"http:\/\/portalcatolico.net\/portal\/wp-json\/wp\/v2\/media?parent=892"}],"wp:term":[{"taxonomy":"category","embeddable":true,"href":"http:\/\/portalcatolico.net\/portal\/wp-json\/wp\/v2\/categories?post=892"},{"taxonomy":"post_tag","embeddable":true,"href":"http:\/\/portalcatolico.net\/portal\/wp-json\/wp\/v2\/tags?post=892"}],"curies":[{"name":"wp","href":"https:\/\/api.w.org\/{rel}","templated":true}]}}