{"id":888,"date":"2016-08-19T18:29:08","date_gmt":"2016-08-19T18:29:08","guid":{"rendered":"http:\/\/portalcatolico.net\/portal\/?p=888"},"modified":"2016-08-19T21:05:38","modified_gmt":"2016-08-19T21:05:38","slug":"diocese-de-jequie-realiza-cerco-de-jerico","status":"publish","type":"post","link":"http:\/\/portalcatolico.net\/portal\/diocese-de-jequie-realiza-cerco-de-jerico\/","title":{"rendered":"Diocese de Jequi\u00e9 realiza Cerco de Jeric\u00f3"},"content":{"rendered":"<p style=\"text-align: justify;\">A Renova\u00e7\u00e3o Carism\u00e1tica Cat\u00f3lica da Diocese de Jequi\u00e9 realiza a vig\u00e9sima segunda edi\u00e7\u00e3o do Cerco de Jeric\u00f3, de 21 \u00e1 27 de agosto, com o tema para o ano da miseric\u00f3rdia: &#8220;Sede misericordioso como vosso pai \u00e9 misericordioso\u201d. (Lc 6,36).<\/p>\n<p style=\"text-align: justify;\">O evento ser\u00e1 realizado na Catedral de Santo Antonio, com confiss\u00f5es e missas di\u00e1rias, sendo quatro missas por dia, 24h de muitas b\u00ean\u00e7\u00e3os.<\/p>\n<p style=\"text-align: justify;\">O in\u00edcio do evento come\u00e7a neste domingo, 21, \u00e0s 7h e termina no dia 27 \u00e0s 17h. Com missa, louvor, m\u00fasica, sil\u00eancio, confiss\u00f5es, adora\u00e7\u00e3o ao Sant\u00edssimo Sacramento, entre outros momentos de evangeliza\u00e7\u00e3o.<\/p>\n<p style=\"text-align: justify;\">Participe!<\/p>\n<p style=\"text-align: justify;\">Por:Reda\u00e7\u00e3o Portal Cat\u00f3lico<\/p>\n<p><iframe loading=\"lazy\" src=\"https:\/\/www.youtube.com\/embed\/0-m41Z5tNCQ?rel=0&amp;showinfo=0\" width=\"560\" height=\"315\" frameborder=\"0\" allowfullscreen=\"allowfullscreen\"><\/iframe><\/p>\n","protected":false},"excerpt":{"rendered":"<p>A Renova\u00e7\u00e3o Carism\u00e1tica Cat\u00f3lica da Diocese de Jequi\u00e9 realiza a vig\u00e9sima segunda edi\u00e7\u00e3o do Cerco de Jeric\u00f3, de 21 \u00e1 27 de agosto, com o tema para o ano da miseric\u00f3rdia: &#8220;Sede misericordioso como vosso pai \u00e9 misericordioso\u201d. (Lc 6,36). O evento ser\u00e1 realizado na Catedral de Santo Antonio, com confiss\u00f5es e missas di\u00e1rias, sendo&nbsp;<\/p>\n<p><a class=\"btn btn-style\" href=\"http:\/\/portalcatolico.net\/portal\/diocese-de-jequie-realiza-cerco-de-jerico\/\">Continue Reading<\/a><\/p>\n","protected":false},"author":2,"featured_media":890,"comment_status":"open","ping_status":"open","sticky":false,"template":"","format":"video","meta":{"footnotes":""},"categories":[3],"tags":[],"class_list":["post-888","post","type-post","status-publish","format-video","has-post-thumbnail","hentry","category-noticias_regionais","post_format-post-format-video"],"_links":{"self":[{"href":"http:\/\/portalcatolico.net\/portal\/wp-json\/wp\/v2\/posts\/888","targetHints":{"allow":["GET"]}}],"collection":[{"href":"http:\/\/portalcatolico.net\/portal\/wp-json\/wp\/v2\/posts"}],"about":[{"href":"http:\/\/portalcatolico.net\/portal\/wp-json\/wp\/v2\/types\/post"}],"author":[{"embeddable":true,"href":"http:\/\/portalcatolico.net\/portal\/wp-json\/wp\/v2\/users\/2"}],"replies":[{"embeddable":true,"href":"http:\/\/portalcatolico.net\/portal\/wp-json\/wp\/v2\/comments?post=888"}],"version-history":[{"count":2,"href":"http:\/\/portalcatolico.net\/portal\/wp-json\/wp\/v2\/posts\/888\/revisions"}],"predecessor-version":[{"id":971,"href":"http:\/\/portalcatolico.net\/portal\/wp-json\/wp\/v2\/posts\/888\/revisions\/971"}],"wp:featuredmedia":[{"embeddable":true,"href":"http:\/\/portalcatolico.net\/portal\/wp-json\/wp\/v2\/media\/890"}],"wp:attachment":[{"href":"http:\/\/portalcatolico.net\/portal\/wp-json\/wp\/v2\/media?parent=888"}],"wp:term":[{"taxonomy":"category","embeddable":true,"href":"http:\/\/portalcatolico.net\/portal\/wp-json\/wp\/v2\/categories?post=888"},{"taxonomy":"post_tag","embeddable":true,"href":"http:\/\/portalcatolico.net\/portal\/wp-json\/wp\/v2\/tags?post=888"}],"curies":[{"name":"wp","href":"https:\/\/api.w.org\/{rel}","templated":true}]}}