{"id":885,"date":"2016-08-19T18:14:17","date_gmt":"2016-08-19T18:14:17","guid":{"rendered":"http:\/\/portalcatolico.net\/portal\/?p=885"},"modified":"2016-08-19T19:56:33","modified_gmt":"2016-08-19T19:56:33","slug":"vem-ai-o-phn-em-itabuna","status":"publish","type":"post","link":"http:\/\/portalcatolico.net\/portal\/vem-ai-o-phn-em-itabuna\/","title":{"rendered":"Vem a\u00ed o PHN em Itabuna!"},"content":{"rendered":"<p style=\"text-align: justify;\">Nesta quinta-feira,18 de agosto, aconteceu \u00e0s 19h, a missa de envio do PHN e foi presidida pelo p\u00e1roco da par\u00f3quia Santa Rita de C\u00e1ssia, frei Jos\u00e9 Genilton e concelebrada pelo vig\u00e1rio paroquial, o frei Carlos In\u00e1cio.<\/p>\n<p style=\"text-align: justify;\">O evento est\u00e1 sendo organizado pelo grupo de ora\u00e7\u00e3o da Renova\u00e7\u00e3o Carism\u00e1tica Cat\u00f3lica &#8220;RCC\u201d da par\u00f3quia Santa Rita de C\u00e1ssia e ser\u00e1 realizado nos dias 20 e 21 de agosto de 2016, no Col\u00e9gio CAIC, situado no bairro Jardim Primavera, em Itabuna.<\/p>\n<p style=\"text-align: justify;\">O PHN ter\u00e1 como tema: \u201cA miseric\u00f3rdia do Senhor \u00e9 sem fim\u201d. O evento ser\u00e1 composto de ora\u00e7\u00e3o, prega\u00e7\u00f5es, louvor, confiss\u00f5es, testemunhos, santa missa, show, entre outros momentos importantes para a evangeliza\u00e7\u00e3o.<\/p>\n<p style=\"text-align: justify;\">A pregadora Eliana Reis, da par\u00f3quia de Santo Andr\u00e9 de Mogi Gua\u00e7u, do estado de S\u00e3o Paulo, vai refletir sobre o testemunho de cura pela f\u00e9 da Santa Eucaristia. Os pregadores Tales Bispo e C\u00e1ssia Jos\u00e9, s\u00e3o membros da RCC Diocese de Itabuna tamb\u00e9m participar\u00e3o.<\/p>\n<p style=\"text-align: justify;\">No s\u00e1bado acontecer\u00e1 o show oracional com Artur Giovanni que apresentar\u00e1 o seu novo trabalho de evangeliza\u00e7\u00e3o, atrav\u00e9s da m\u00fasica e apresentar\u00e1 seu novo CD.<\/p>\n<p style=\"text-align: justify;\">A coordena\u00e7\u00e3o avisa aos pais, que podem levar seus filhos, pois haver\u00e1 um espa\u00e7o KIDS para as crian\u00e7as.<\/p>\n<p style=\"text-align: justify;\">O ingresso custar\u00e1 R$10,00 e pode ser adquirido na secretaria da par\u00f3quia Santa Rita de C\u00e1ssia ou com os membros do grupo de Ora\u00e7\u00e3o da igreja. No dia do evento ser\u00e1 vendido ingresso, no col\u00e9gio CAIC.<\/p>\n<p style=\"text-align: justify;\">Para maiores informa\u00e7\u00f5es, basta entrar em contato pelos telefones (73) 9 8846-5510\/3617-27-22 ou por e-mail: phnitabuna@hotmail.com<\/p>\n<p style=\"text-align: justify;\">Participe deste momento de evangeliza\u00e7\u00e3o com sua fam\u00edlia e amigos.<\/p>\n<p style=\"text-align: justify;\">Por: Reda\u00e7\u00e3o Portal Cat\u00f3lico<\/p>\n","protected":false},"excerpt":{"rendered":"<p>Nesta quinta-feira,18 de agosto, aconteceu \u00e0s 19h, a missa de envio do PHN e foi presidida pelo p\u00e1roco da par\u00f3quia Santa Rita de C\u00e1ssia, frei Jos\u00e9 Genilton e concelebrada pelo vig\u00e1rio paroquial, o frei Carlos In\u00e1cio. O evento est\u00e1 sendo organizado pelo grupo de ora\u00e7\u00e3o da Renova\u00e7\u00e3o Carism\u00e1tica Cat\u00f3lica &#8220;RCC\u201d da par\u00f3quia Santa Rita de&nbsp;<\/p>\n<p><a class=\"btn btn-style\" href=\"http:\/\/portalcatolico.net\/portal\/vem-ai-o-phn-em-itabuna\/\">Continue Reading<\/a><\/p>\n","protected":false},"author":2,"featured_media":886,"comment_status":"open","ping_status":"open","sticky":false,"template":"","format":"standard","meta":{"footnotes":""},"categories":[2],"tags":[],"class_list":["post-885","post","type-post","status-publish","format-standard","has-post-thumbnail","hentry","category-eventos"],"_links":{"self":[{"href":"http:\/\/portalcatolico.net\/portal\/wp-json\/wp\/v2\/posts\/885","targetHints":{"allow":["GET"]}}],"collection":[{"href":"http:\/\/portalcatolico.net\/portal\/wp-json\/wp\/v2\/posts"}],"about":[{"href":"http:\/\/portalcatolico.net\/portal\/wp-json\/wp\/v2\/types\/post"}],"author":[{"embeddable":true,"href":"http:\/\/portalcatolico.net\/portal\/wp-json\/wp\/v2\/users\/2"}],"replies":[{"embeddable":true,"href":"http:\/\/portalcatolico.net\/portal\/wp-json\/wp\/v2\/comments?post=885"}],"version-history":[{"count":1,"href":"http:\/\/portalcatolico.net\/portal\/wp-json\/wp\/v2\/posts\/885\/revisions"}],"predecessor-version":[{"id":887,"href":"http:\/\/portalcatolico.net\/portal\/wp-json\/wp\/v2\/posts\/885\/revisions\/887"}],"wp:featuredmedia":[{"embeddable":true,"href":"http:\/\/portalcatolico.net\/portal\/wp-json\/wp\/v2\/media\/886"}],"wp:attachment":[{"href":"http:\/\/portalcatolico.net\/portal\/wp-json\/wp\/v2\/media?parent=885"}],"wp:term":[{"taxonomy":"category","embeddable":true,"href":"http:\/\/portalcatolico.net\/portal\/wp-json\/wp\/v2\/categories?post=885"},{"taxonomy":"post_tag","embeddable":true,"href":"http:\/\/portalcatolico.net\/portal\/wp-json\/wp\/v2\/tags?post=885"}],"curies":[{"name":"wp","href":"https:\/\/api.w.org\/{rel}","templated":true}]}}