{"id":879,"date":"2016-08-18T09:49:58","date_gmt":"2016-08-18T09:49:58","guid":{"rendered":"http:\/\/portalcatolico.net\/portal\/?p=879"},"modified":"2016-08-19T18:29:33","modified_gmt":"2016-08-19T18:29:33","slug":"semana-nacional-da-familia-acontece-em-itabuna","status":"publish","type":"post","link":"http:\/\/portalcatolico.net\/portal\/semana-nacional-da-familia-acontece-em-itabuna\/","title":{"rendered":"Semana Nacional da Fam\u00edlia acontece em Itabuna"},"content":{"rendered":"<p style=\"text-align: justify;\">A Semana Nacional da Fam\u00edlia come\u00e7ou oficialmente na \u00faltima segunda-feira, 15 de agosto, na Diocese de Itabuna. O evento teve in\u00edcio \u00e0s 19h30min, na pra\u00e7a Camacan, em Itabuna.<\/p>\n<p style=\"text-align: justify;\">A abertura contou as presen\u00e7as do Pe. Osmar Raimundo (vig\u00e1rio geral da Diocese de Itabuna e p\u00e1roco da par\u00f3quia S\u00e3o Judas Tadeu); do Pe. Mois\u00e9s de Souza (p\u00e1roco da Catedral de S\u00e3o Jos\u00e9); do Pe. Elessandro Feitosa (p\u00e1roco da igreja Senhora Santana da cidade de Buerarema e diretor Eclesi\u00e1stico da Pastoral Familiar); do Pe. Antonio Calazans (p\u00e1roco da par\u00f3quia de Nossa Senhora da Concei\u00e7\u00e3o) e do bispo da Diocese de Itabuna, dom Ceslau Stanula.<\/p>\n<p style=\"text-align: justify;\">Com o tema: \u201cMiseric\u00f3rdia na Fam\u00edlia, dom e miss\u00e3o\u201d, a Semana Nacional da Fam\u00edlia come\u00e7ou com diversos momentos especiais: logo ap\u00f3s abertura, foi realizado um momento com os homens do ter\u00e7o de v\u00e1rias paroquias, com apresenta\u00e7\u00e3o e distribui\u00e7\u00e3o de brindes. A anima\u00e7\u00e3o ficou por conta do Minist\u00e9rio de M\u00fasica Crescendo com Cristo da par\u00f3quia Nossa Senhora da Concei\u00e7\u00e3o e pelos Jovens \u201cEAC\u201d Encontro de Adolescente de Jovens da par\u00f3quia S\u00e3o Judas Tadeu.<\/p>\n<p style=\"text-align: justify;\">As Par\u00f3quias e movimentos, pastorais, grupos respons\u00e1veis pela primeira noite foram: par\u00f3quia Nossa Senhora da Concei\u00e7\u00e3o, S\u00e3o Judas Tadeu, Catedral de S\u00e3o Jos\u00e9 e movimento do Encontro de Casai com Cristo, o ECC.<\/p>\n<p style=\"text-align: justify;\">O Padre Antonio Calazans refletiu sobre o tema da primeira noite: \u201cCriados por um pai misericordioso\u201d.<\/p>\n<p style=\"text-align: justify;\">O evento segue todas as noites e o encerramento ser\u00e1 no domingo, 21 de agosto, \u00e0s 16h, em frente \u00e0 C\u00e2mara de Vereadores de Itabuna, na Avenida Beira Rio.<\/p>\n<p style=\"text-align: justify;\">Participe com sua fam\u00edlia!<\/p>\n<p style=\"text-align: justify;\"><b>Confira a programa\u00e7\u00e3o da Semana que acontece na pra\u00e7a Camacan, no Centro de Itabuna:<\/b><\/p>\n<p style=\"text-align: justify;\">Dia 15: Par\u00f3quias Nossa Senhora da Concei\u00e7\u00e3o, S\u00e3o Judas Tadeu, Catedral de S\u00e3o Jos\u00e9 e movimento do Encontro de Casai com Cristo o ECC. Tema para a primeira noite: \u201cCriados por um pai misericordioso\u201d.<\/p>\n<p style=\"text-align: justify;\">Dia 16: Par\u00f3quia Nossa Senhora de F\u00e1tima, Legi\u00e3o de Maria, Apostolado da Ora\u00e7\u00e3o, M\u00e3e Rainha e Equipe de Nossa Senhora. Com o tema: \u201cCriados na miseric\u00f3rdia e para a miseric\u00f3rdia.\u201d<\/p>\n<p style=\"text-align: justify;\">Dia 17: Par\u00f3quias Senhor do Bomfim, Santa Rita de C\u00e1ssia, Nossa Senhora da Concei\u00e7\u00e3o de Ferradas e Renova\u00e7\u00e3o Carism\u00e1tica Cat\u00f3lica o RCC. Com o tema: \u201cProcurados pela miseric\u00f3rdia \u201d.<\/p>\n<p style=\"text-align: justify;\">Dia 18: Par\u00f3quias Nossa Senhora Aparecida, Nossa Senhora da Piedade, Nossa Senhora da Vit\u00f3ria, Movimentos dos Vicentinos e Pastoral da Crian\u00e7a. Com o tema: \u201cFam\u00edlia e Igreja, lugares da miseric\u00f3rdia.\u201d<\/p>\n<p style=\"text-align: justify;\">Dia 19: Par\u00f3quias Santa Maria Goretti, Santa Maria Madalena, Movimento do Cursilho e MECE. \u201cCom o tema: \u201cO perd\u00e3o na Fam\u00edlia: fonte de reconcilia\u00e7\u00e3o e liberta\u00e7\u00e3o\u201d.<\/p>\n<p style=\"text-align: justify;\">Dia 20: No Col\u00e9gio CAIC no bairro Jardim Primavera no PHN. Movimentos e grupos de Jovens, Escalada, EJC e Grupo do MEFA. Com o tema: \u201cAs obras da miseric\u00f3rdia na fam\u00edlia pela fam\u00edlia.\u201d<\/p>\n<p style=\"text-align: justify;\">Dia 21- Alameda da Juventude na beira Rio. Paroquias: Santa In\u00eas, Santo Antonio e Comunidade Rainha da Paz. Com o tema: \u201cA fam\u00edlia promotora da Miseric\u00f3rdia na sociedade.\u201d<br \/>\nOrganiza\u00e7\u00e3o: Pastoral Familiar Diocesano. Com apoio da Diocese de Itabuna.<\/p>\n<p style=\"text-align: justify;\">Por: Reda\u00e7\u00e3o Portal Cat\u00f3lico<\/p>\n<p style=\"text-align: justify;\">Confira as fotos em nossa p\u00e1gina no facebook. <a href=\"https:\/\/www.facebook.com\/Portal-Cat%C3%B3liconet-452331168302844\/\"><b>Clique aqui<\/b>!<\/a><\/p>\n<p style=\"text-align: justify;\"><img loading=\"lazy\" decoding=\"async\" class=\"alignnone size-medium wp-image-880\" src=\"http:\/\/portalcatolico.net\/portal\/wp-content\/uploads\/2016\/08\/DSCN0109-300x225.jpg\" alt=\"DSCN0109\" width=\"300\" height=\"225\" srcset=\"http:\/\/portalcatolico.net\/portal\/wp-content\/uploads\/2016\/08\/DSCN0109-300x225.jpg 300w, http:\/\/portalcatolico.net\/portal\/wp-content\/uploads\/2016\/08\/DSCN0109.jpg 600w\" sizes=\"auto, (max-width: 300px) 100vw, 300px\" \/><\/p>\n","protected":false},"excerpt":{"rendered":"<p>A Semana Nacional da Fam\u00edlia come\u00e7ou oficialmente na \u00faltima segunda-feira, 15 de agosto, na Diocese de Itabuna. O evento teve in\u00edcio \u00e0s 19h30min, na pra\u00e7a Camacan, em Itabuna. A abertura contou as presen\u00e7as do Pe. Osmar Raimundo (vig\u00e1rio geral da Diocese de Itabuna e p\u00e1roco da par\u00f3quia S\u00e3o Judas Tadeu); do Pe. Mois\u00e9s de Souza&nbsp;<\/p>\n<p><a class=\"btn btn-style\" href=\"http:\/\/portalcatolico.net\/portal\/semana-nacional-da-familia-acontece-em-itabuna\/\">Continue Reading<\/a><\/p>\n","protected":false},"author":2,"featured_media":880,"comment_status":"open","ping_status":"open","sticky":false,"template":"","format":"standard","meta":{"footnotes":""},"categories":[3],"tags":[],"class_list":["post-879","post","type-post","status-publish","format-standard","has-post-thumbnail","hentry","category-noticias_regionais"],"_links":{"self":[{"href":"http:\/\/portalcatolico.net\/portal\/wp-json\/wp\/v2\/posts\/879","targetHints":{"allow":["GET"]}}],"collection":[{"href":"http:\/\/portalcatolico.net\/portal\/wp-json\/wp\/v2\/posts"}],"about":[{"href":"http:\/\/portalcatolico.net\/portal\/wp-json\/wp\/v2\/types\/post"}],"author":[{"embeddable":true,"href":"http:\/\/portalcatolico.net\/portal\/wp-json\/wp\/v2\/users\/2"}],"replies":[{"embeddable":true,"href":"http:\/\/portalcatolico.net\/portal\/wp-json\/wp\/v2\/comments?post=879"}],"version-history":[{"count":2,"href":"http:\/\/portalcatolico.net\/portal\/wp-json\/wp\/v2\/posts\/879\/revisions"}],"predecessor-version":[{"id":883,"href":"http:\/\/portalcatolico.net\/portal\/wp-json\/wp\/v2\/posts\/879\/revisions\/883"}],"wp:featuredmedia":[{"embeddable":true,"href":"http:\/\/portalcatolico.net\/portal\/wp-json\/wp\/v2\/media\/880"}],"wp:attachment":[{"href":"http:\/\/portalcatolico.net\/portal\/wp-json\/wp\/v2\/media?parent=879"}],"wp:term":[{"taxonomy":"category","embeddable":true,"href":"http:\/\/portalcatolico.net\/portal\/wp-json\/wp\/v2\/categories?post=879"},{"taxonomy":"post_tag","embeddable":true,"href":"http:\/\/portalcatolico.net\/portal\/wp-json\/wp\/v2\/tags?post=879"}],"curies":[{"name":"wp","href":"https:\/\/api.w.org\/{rel}","templated":true}]}}