{"id":864,"date":"2016-08-15T16:22:47","date_gmt":"2016-08-15T16:22:47","guid":{"rendered":"http:\/\/portalcatolico.net\/portal\/?p=864"},"modified":"2016-08-19T21:15:33","modified_gmt":"2016-08-19T21:15:33","slug":"ii-com-jovens-acontece-em-itabuna","status":"publish","type":"post","link":"http:\/\/portalcatolico.net\/portal\/ii-com-jovens-acontece-em-itabuna\/","title":{"rendered":"II Com Jovens acontece em Itabuna"},"content":{"rendered":"<p>Aconteceu nos dia 13 e 14 de agosto, na Diocese de Itabuna o II Com Jovens: o Congresso de Jovens da Legi\u00e3o de Maria Juvenil, no sal\u00e3o paroquial da par\u00f3quia Nossa Senhora de F\u00e1tima, situado no bairro Jo\u00e3o Soares, em Itabuna.<\/p>\n<p style=\"text-align: justify;\">Com o tema: \u201cLembre-te do teu criador nos dias de tua Juventude\u201d! (Eclesi\u00e1stico 12,1), o evento teve como pregadores: Janaina Cruz, Danilo Brand\u00e3o, o Di\u00e1cono Trajano Osvaldo, B\u00e1rbara Cruz, Artur Giovanni e Marcos Dormundo.<\/p>\n<p style=\"text-align: justify;\">O Congresso iniciou no s\u00e1bado, \u00e0s 13h,com recep\u00e7\u00e3o dos participantes, credenciamento, acolhida e foi composto de ora\u00e7\u00e3o, m\u00fasica, ter\u00e7o da miseric\u00f3rdia, adora\u00e7\u00e3o ao Sant\u00edssimo Sacramento, ter\u00e7o de Nossa Senhora, din\u00e2micas, entre outros momentos de evangeliza\u00e7\u00e3o e encerrou neste domingo (14), com a santa missa e foi presidida pelo p\u00e1roco da par\u00f3quia Nossa Senhora de F\u00e1tima o Pe. Nicolau Klak.<\/p>\n<p style=\"text-align: justify;\">Tem como diretor espiritual na Diocese de Itabuna o Pe. Telmo Soares Pinto, p\u00e1roco da par\u00f3quia Senhora Santana, na cidade de Floresta Azul (BA).<\/p>\n<p style=\"text-align: justify;\">O Com Jovens trata-se de um Encontro que re\u00fane todos os legion\u00e1rios jovens da cidade em um lugar. Nele, elege-se um tema que seja de necessidade para o momento. Essa segunda edi\u00e7\u00e3o do Congresso teve um minicurso como inova\u00e7\u00e3o. Esse minicurso teve quatro temas: miss\u00e3o, liturgia, sociedade e igreja, e o legion\u00e1rio na contemporaneidade.<\/p>\n<p style=\"text-align: justify;\">Confira as fotos em nossa p\u00e1gina no facebook. <b><a href=\"https:\/\/www.facebook.com\/Portal-Cat%C3%B3liconet-452331168302844\/\">Clique aqui<\/a>.<\/b><\/p>\n<p style=\"text-align: justify;\">Ed.Anara Passos<\/p>\n<p>&nbsp;<\/p>\n","protected":false},"excerpt":{"rendered":"<p>Aconteceu nos dia 13 e 14 de agosto, na Diocese de Itabuna o II Com Jovens: o Congresso de Jovens da Legi\u00e3o de Maria Juvenil, no sal\u00e3o paroquial da par\u00f3quia Nossa Senhora de F\u00e1tima, situado no bairro Jo\u00e3o Soares, em Itabuna. Com o tema: \u201cLembre-te do teu criador nos dias de tua Juventude\u201d! (Eclesi\u00e1stico 12,1),&nbsp;<\/p>\n<p><a class=\"btn btn-style\" href=\"http:\/\/portalcatolico.net\/portal\/ii-com-jovens-acontece-em-itabuna\/\">Continue Reading<\/a><\/p>\n","protected":false},"author":2,"featured_media":865,"comment_status":"open","ping_status":"open","sticky":false,"template":"","format":"standard","meta":{"footnotes":""},"categories":[3],"tags":[],"class_list":["post-864","post","type-post","status-publish","format-standard","has-post-thumbnail","hentry","category-noticias_regionais"],"_links":{"self":[{"href":"http:\/\/portalcatolico.net\/portal\/wp-json\/wp\/v2\/posts\/864","targetHints":{"allow":["GET"]}}],"collection":[{"href":"http:\/\/portalcatolico.net\/portal\/wp-json\/wp\/v2\/posts"}],"about":[{"href":"http:\/\/portalcatolico.net\/portal\/wp-json\/wp\/v2\/types\/post"}],"author":[{"embeddable":true,"href":"http:\/\/portalcatolico.net\/portal\/wp-json\/wp\/v2\/users\/2"}],"replies":[{"embeddable":true,"href":"http:\/\/portalcatolico.net\/portal\/wp-json\/wp\/v2\/comments?post=864"}],"version-history":[{"count":2,"href":"http:\/\/portalcatolico.net\/portal\/wp-json\/wp\/v2\/posts\/864\/revisions"}],"predecessor-version":[{"id":991,"href":"http:\/\/portalcatolico.net\/portal\/wp-json\/wp\/v2\/posts\/864\/revisions\/991"}],"wp:featuredmedia":[{"embeddable":true,"href":"http:\/\/portalcatolico.net\/portal\/wp-json\/wp\/v2\/media\/865"}],"wp:attachment":[{"href":"http:\/\/portalcatolico.net\/portal\/wp-json\/wp\/v2\/media?parent=864"}],"wp:term":[{"taxonomy":"category","embeddable":true,"href":"http:\/\/portalcatolico.net\/portal\/wp-json\/wp\/v2\/categories?post=864"},{"taxonomy":"post_tag","embeddable":true,"href":"http:\/\/portalcatolico.net\/portal\/wp-json\/wp\/v2\/tags?post=864"}],"curies":[{"name":"wp","href":"https:\/\/api.w.org\/{rel}","templated":true}]}}