{"id":858,"date":"2016-08-14T18:40:51","date_gmt":"2016-08-14T18:40:51","guid":{"rendered":"http:\/\/portalcatolico.net\/portal\/?p=858"},"modified":"2016-08-19T21:17:06","modified_gmt":"2016-08-19T21:17:06","slug":"papa-sem-o-fogo-do-espirito-santo-a-igreja-torna-se-fria","status":"publish","type":"post","link":"http:\/\/portalcatolico.net\/portal\/papa-sem-o-fogo-do-espirito-santo-a-igreja-torna-se-fria\/","title":{"rendered":"Papa: Sem o fogo do Esp\u00edrito Santo a Igreja torna-se fria"},"content":{"rendered":"<p>\u201cSe a Igreja n\u00e3o recebe o fogo do Esp\u00edrito Santo ou n\u00e3o o deixa entrar em si, torna-se uma Igreja fria ou somente morna, incapaz de dar vida, porque \u00e9 feita de crist\u00e3os frios e mornos\u201d.<\/p>\n<p>Inspirado nas palavras de Jesus narradas em Lucas: \u201cEu vim para lan\u00e7ar fogo sobre a terra, e como gostaria que j\u00e1 estivesse aceso\u201d, o Papa Francisco dedicou a sua alocu\u00e7\u00e3o &#8211; que precede a ora\u00e7\u00e3o mariana do Angelus \u2013 \u00e0 a\u00e7\u00e3o do Esp\u00edrito Santo na vida da Igreja e em nossa vida: \u201cum fogo que come\u00e7a no cora\u00e7\u00e3o, e n\u00e3o na mente\u201d, frisou.<\/p>\n<p>O fogo do qual fala Jesus no Evangelho \u2013 explica o Papa &#8211; \u00e9 o fogo do Esp\u00edrito Santo, \u201cpresen\u00e7a viva e atuante em n\u00f3s desde o dia do Batismo. Ele &#8211; o fogo &#8211; \u00e9 uma for\u00e7a criadora que purifica e renova, queima toda mis\u00e9ria humana, todo ego\u00edsmo, todo pecado, nos transforma a partir de dentro, nos regenera e nos torna capazes de amar\u201d:<\/p>\n<p>\u201cJesus deseja que o Esp\u00edrito Santo irrompa como fogo no nosso cora\u00e7\u00e3o, porque somente partindo do cora\u00e7\u00e3o, que o inc\u00eandio do amor divino poder\u00e1 propagar-se e fazer progredir o Reino de Deus. N\u00e3o parte da cabe\u00e7a, parte do cora\u00e7\u00e3o. E por isto Jesus quer que o fogo entre em nosso cora\u00e7\u00e3o. Se nos abrirmos completamente \u00e0 a\u00e7\u00e3o deste fogo que \u00e9 o Esp\u00edrito Santo, Ele nos dar\u00e1 a aud\u00e1cia e o fervor para anunciar a todos Jesus e a sua consoladora mensagem de miseric\u00f3rdia e de salva\u00e7\u00e3o, navegando em mar aberto, sem medo. Mas o fogo come\u00e7a no cora\u00e7\u00e3o\u201d.<\/p>\n<p>O Papa recorda, que para cumprir a sua miss\u00e3o no mundo, \u201ca Igreja tem necessidade da ajuda do Esp\u00edrito Santo, para n\u00e3o deixar-se frear pelo medo e pelo c\u00e1lculo, para n\u00e3o habituar-se a caminhar dentro de fronteiras seguras\u201d. Francisco adverte que \u201cestes dois comportamentos, levam a Igreja a ser uma Igreja funcional, que n\u00e3o arrisca nunca\u201d:<\/p>\n<p>\u201cPelo contr\u00e1rio, a coragem apost\u00f3lica que o Esp\u00edrito Santo acende em n\u00f3s como um fogo, nos ajuda a superar os muros e as barreiras, nos faz criativos e nos impele a colocarmo-nos em movimento para caminhar tamb\u00e9m por caminhos inexplorados ou desconfort\u00e1veis, oferecendo esperan\u00e7a a quantos encontramos\u201d.<\/p>\n<p>Precisamente com este fogo do Esp\u00edrito Santo \u2013 disse o Santo Padre &#8211;\u00a0 \u201csomos chamados a nos tornar sempre mais comunidade de pessoas guiadas e transformadas, cheias de compreens\u00e3o, pessoas de cora\u00e7\u00e3o dilatado e de rosto alegre\u201d. E acrescenta:<\/p>\n<p>\u201cMais do que nunca existe a necessidade, mais do que nunca hoje existe a necessidade de sacerdotes, de consagrados e de fi\u00e9is leigos, com o olhar atento do ap\u00f3stolo, para mover-se e parar diante das dificuldades e das pobrezas materiais e espirituais, caracterizando assim o caminho da evangeliza\u00e7\u00e3o e da miss\u00e3o com o ritmo curador da proximidade. H\u00e1 precisamente o fogo do Esp\u00edrito Santo que nos leva a nos fazer &#8220;pr\u00f3ximos&#8221; dos outros: das pessoas que sofrem, dos necessitados; de tantas mis\u00e9rias humanas, de tantos problemas; dos refugiados, daqueles que sofrem. Aquele fogo que vem do cora\u00e7\u00e3o. Fogo\u201d.<\/p>\n<p>Francisco recordou ent\u00e3o dos \u201cnumerosos sacerdotes e religiosos que, em todo o mundo, se dedicam ao an\u00fancio do Evangelho com grande amor e fidelidade, n\u00e3o raro a custo da pr\u00f3pria vida\u201d, e advertiu que se a Igreja n\u00e3o se abre ao fogo do Esp\u00edrito, torna-se fria:<\/p>\n<p>\u201cO exemplar testemunho deles nos recorda que a Igreja n\u00e3o tem necessidade de burocratas e de diligentes funcion\u00e1rios, mas de mission\u00e1rios apaixonados, imbu\u00eddos pelo ardor de levar a todos a consoladora palavra de Jesus e a sua gra\u00e7a. Este \u00e9 o fogo do Esp\u00edrito Santo. Se a Igreja n\u00e3o recebe este fogo ou n\u00e3o o deixa entrar em si, torna-se uma Igreja fria ou somente morna, incapaz de dar vida, porque \u00e9 feita de crist\u00e3os frios e mornos. Nos far\u00e1 bem hoje, tomar cinco minutos e nos perguntar: &#8220;Mas, como est\u00e1 o meu cora\u00e7\u00e3o? \u00c9 frio? \u00c9 morno? \u00c9 capaz de receber este fogo?&#8221;. Tomemos cinco minutos para isto. Nos far\u00e1 bem a todos.<\/p>\n<p>Ao final de sua alocu\u00e7\u00e3o, o Santo Padre recordou o exemplo \u201cde S\u00e3o Maximiliano Kolbe, m\u00e1rtir da caridade, cuja festa recorre hoje: que ele nos ensine a viver o fogo do amor de Deus e pelo pr\u00f3ximo\u201d.\u00a0(JE)<\/p>\n<p>Eis a alocu\u00e7\u00e3o do Santo Padre na \u00edntegra:<\/p>\n<p>\u201cO Evangelho deste domingo faz parte dos ensinamentos de Jesus dirigidos aos disc\u00edpulos durante a sua subida \u00e0 Jerusal\u00e9m, onde lhe espera a morte na cruz. Para indicar o objetivo de sua miss\u00e3o, Ele se serve de tr\u00eas imagens: o fogo, o batismo e a divis\u00e3o. Hoje quero falar da primeira imagem: o fogo.<\/p>\n<p>Jesus a expressa com estas palavras: \u201cEu vim para lan\u00e7ar fogo sobre a terra, e como gostaria que j\u00e1 estivesse aceso\u201d. O fogo do qual Jesus fala \u00e9 o fogo do Esp\u00edrito Santo, presen\u00e7a viva e atuante em n\u00f3s desde o dia do Batismo. Ele &#8211; o fogo &#8211; \u00e9 uma for\u00e7a criadora que purifica e renova, queima toda mis\u00e9ria humana, todo ego\u00edsmo, todo pecado, nos transforma a partir de dentro, nos regenera e nos torna capazes de amar. Jesus deseja que o Esp\u00edrito Santo irrompa como fogo no nosso cora\u00e7\u00e3o, porque somente partindo do cora\u00e7\u00e3o que o inc\u00eandio do amor divino poder\u00e1 propagar-se e fazer progredir o Reino de Deus. N\u00e3o parte da cabe\u00e7a, parte do cora\u00e7\u00e3o. E por isto Jesus quer que o fogo entre em nosso cora\u00e7\u00e3o. Se nos abrirmos completamente \u00e0 a\u00e7\u00e3o deste fogo que \u00e9 o Esp\u00edrito Santo, Ele nos dar\u00e1 a aud\u00e1cia e o fervor para anunciar a todos Jesus e a sua consoladora mensagem de miseric\u00f3rdia e de salva\u00e7\u00e3o, navegando em mar aberto, sem medo. Mas o fogo come\u00e7a no cora\u00e7\u00e3o.<\/p>\n<p>No cumprimento de sua miss\u00e3o no mundo, a Igreja &#8211; isto \u00e9, todos n\u00f3s Igreja &#8211; tem necessidade de ajuda do Esp\u00edrito Santo para n\u00e3o deixar-se frear pelo medo e pelo c\u00e1lculo, para n\u00e3o habituar-se a caminhar dentro de fronteiras seguras. Estes dois comportamentos levam a Igreja a ser uma Igreja funcional, que n\u00e3o arrisca nunca. Pelo contr\u00e1rio, a coragem apost\u00f3lica que o Esp\u00edrito Santo acende em n\u00f3s como um fogo nos ajuda a superar os muros e as barreiras, nos faz criativos e nos impele a colocarmo-nos em movimento para caminhar tamb\u00e9m por caminhos inexplorados ou desconfort\u00e1veis, oferecendo esperan\u00e7a a quantos encontramos. Com este fogo do Esp\u00edrito Santo somos chamados a nos tornar sempre mais comunidade de pessoas guiadas e transformadas, cheias de compreens\u00e3o, pessoas de cora\u00e7\u00e3o dilatado e de rosto alegre. Mais do que nunca existe a necessidade, mais do que nunca existe a necessidade de sacerdotes, de consagrados e de fieis leigos, com o olhar atento do apostolado, para mover-se e parar diante das dificuldades e das pobrezas materiais e espirituais, caracterizando assim o caminho da evangeliza\u00e7\u00e3o e da miss\u00e3o com o ritmo curador da proximidade.H\u00e1 precisamente o fogo do Esp\u00edrito Santo que nos leva a nos fazer &#8220;pr\u00f3ximos&#8221; dos outros: das pessoas que sofrem, dos necessitados; de tantas mis\u00e9rias humanas, de tantos problemas; dos refugiados, daqueles que sofrem. Aquele fogo que vem do cora\u00e7\u00e3o. Fogo.<\/p>\n<p>Neste momento, penso tamb\u00e9m com admira\u00e7\u00e3o sobretudo aos numerosos sacerdotes e religiosos que, em todo o mundo, se dedicam ao an\u00fancio do Evangelho com grande amor e fidelidade, n\u00e3o raro a custo da pr\u00f3pria vida. O exemplar testemunho deles nos recorda que a Igreja n\u00e3o tem necessidade de burocratas e de diligentes funcion\u00e1rios, mas de mission\u00e1rios apaixonados, imbu\u00eddos pelo ardor de levar a todos a consoladora palavra de Jesus e a sua gra\u00e7a.Este \u00e9 o fogo do Esp\u00edrito Santo. Se a Igreja n\u00e3o recebe este fogo ou n\u00e3o o deixa entrar em si, torna-se uma Igreja fria ou somente morna, incapaz de dar vida, porque \u00e9 feita de crist\u00e3os frios e mornos. Nos far\u00e1 bem hoje, tomar cinco minutos e nos perguntar: &#8220;Mas, como est\u00e1 o meu cora\u00e7\u00e3o? \u00c9 frio? \u00c9 morno? \u00c9 capaz de receber este fogo?&#8221;. Tomemos cinco minutos para isto. Nos far\u00e1 bem a todos.<\/p>\n<p>E pe\u00e7amos a Virgem Maria para rezar conosco e por n\u00f3s ao Pai celeste, para que derrame sobre todos os fieis o Esp\u00edrito Santo, fogo divino que aquece os cora\u00e7\u00f5es e nos ajude a ser solid\u00e1rios com as alegrias e os sofrimentos dos nossos irm\u00e3os. Nos sustente no nosso caminho o exemplo de S\u00e3o Maximiliano Kolbe, m\u00e1rtir da caridade, cuja festa recorre hoje: que ele nos ensine a viver o fogo do amor de Deus e pelo pr\u00f3ximo\u201d(News.va)<\/p>\n<p>&nbsp;<\/p>\n","protected":false},"excerpt":{"rendered":"<p>\u201cSe a Igreja n\u00e3o recebe o fogo do Esp\u00edrito Santo ou n\u00e3o o deixa entrar em si, torna-se uma Igreja fria ou somente morna, incapaz de dar vida, porque \u00e9 feita de crist\u00e3os frios e mornos\u201d. Inspirado nas palavras de Jesus narradas em Lucas: \u201cEu vim para lan\u00e7ar fogo sobre a terra, e como gostaria&nbsp;<\/p>\n<p><a class=\"btn btn-style\" href=\"http:\/\/portalcatolico.net\/portal\/papa-sem-o-fogo-do-espirito-santo-a-igreja-torna-se-fria\/\">Continue Reading<\/a><\/p>\n","protected":false},"author":2,"featured_media":859,"comment_status":"open","ping_status":"open","sticky":false,"template":"","format":"standard","meta":{"footnotes":""},"categories":[5],"tags":[],"class_list":["post-858","post","type-post","status-publish","format-standard","has-post-thumbnail","hentry","category-igreja_no_mundo"],"_links":{"self":[{"href":"http:\/\/portalcatolico.net\/portal\/wp-json\/wp\/v2\/posts\/858","targetHints":{"allow":["GET"]}}],"collection":[{"href":"http:\/\/portalcatolico.net\/portal\/wp-json\/wp\/v2\/posts"}],"about":[{"href":"http:\/\/portalcatolico.net\/portal\/wp-json\/wp\/v2\/types\/post"}],"author":[{"embeddable":true,"href":"http:\/\/portalcatolico.net\/portal\/wp-json\/wp\/v2\/users\/2"}],"replies":[{"embeddable":true,"href":"http:\/\/portalcatolico.net\/portal\/wp-json\/wp\/v2\/comments?post=858"}],"version-history":[{"count":2,"href":"http:\/\/portalcatolico.net\/portal\/wp-json\/wp\/v2\/posts\/858\/revisions"}],"predecessor-version":[{"id":992,"href":"http:\/\/portalcatolico.net\/portal\/wp-json\/wp\/v2\/posts\/858\/revisions\/992"}],"wp:featuredmedia":[{"embeddable":true,"href":"http:\/\/portalcatolico.net\/portal\/wp-json\/wp\/v2\/media\/859"}],"wp:attachment":[{"href":"http:\/\/portalcatolico.net\/portal\/wp-json\/wp\/v2\/media?parent=858"}],"wp:term":[{"taxonomy":"category","embeddable":true,"href":"http:\/\/portalcatolico.net\/portal\/wp-json\/wp\/v2\/categories?post=858"},{"taxonomy":"post_tag","embeddable":true,"href":"http:\/\/portalcatolico.net\/portal\/wp-json\/wp\/v2\/tags?post=858"}],"curies":[{"name":"wp","href":"https:\/\/api.w.org\/{rel}","templated":true}]}}