{"id":852,"date":"2016-08-14T18:34:13","date_gmt":"2016-08-14T18:34:13","guid":{"rendered":"http:\/\/portalcatolico.net\/portal\/?p=852"},"modified":"2016-08-19T21:20:24","modified_gmt":"2016-08-19T21:20:24","slug":"paroquia-santa-rita-de-cassia-realiza-encerramento-da-semana-da-familia","status":"publish","type":"post","link":"http:\/\/portalcatolico.net\/portal\/paroquia-santa-rita-de-cassia-realiza-encerramento-da-semana-da-familia\/","title":{"rendered":"Par\u00f3quia Santa Rita de C\u00e1ssia realiza encerramento da Semana da Fam\u00edlia"},"content":{"rendered":"<p style=\"text-align: justify;\"><em>A pastoral familiar\u00a0 da par\u00f3quia Santa Rita de C\u00e1ssia, com seus membros, na Semana da fam\u00edlia, visitou as comunidades pertencentes \u00e0 igreja matriz, nos bairros em Itabuna.<\/em><\/p>\n<p style=\"text-align: justify;\"><em>Esta a\u00e7\u00e3o faz parte da Semana da Fam\u00edlia\u00a0 que tem como\u00a0 tema \u00a0central: \u201cMiseric\u00f3rdia na fam\u00edlia: dom e miss\u00e3o\u201d.<\/em><\/p>\n<p style=\"text-align: justify;\"><em>As visitas nas comunidades tiveram in\u00edcio na ter\u00e7a-feira, dia 09 de agosto e encerramento nesta sexta-feira, dia (12).<\/em><\/p>\n<p style=\"text-align: justify;\"><em>Durante a Semana, aconteceram palestras e missas todas as noites, que foi\u00a0 presidida pelo vig\u00e1rio da par\u00f3quia Santa Rita de C\u00e1ssia, o frade capuchinho, o frei Carlos In\u00e1cio, com presen\u00e7as das irm\u00e3s franciscanas, al\u00e9m das pastorais, movimentos, grupos e as demais comunidades.<\/em><\/p>\n<p style=\"text-align: justify;\"><em>Todas as noites uma imagem da sagrada fam\u00edlia estava presente no altar do Senhor e logo ap\u00f3s a santa missa, um membro da comunidade, levava a imagem para a comunidade que iria ser visitada.<\/em><\/p>\n<p style=\"text-align: justify;\"><em>No domingo ser\u00e1 sorteada uma imagem da sagrada fam\u00edlia para os paroquianos que estiveram nas celebra\u00e7\u00f5es.<\/em><\/p>\n<p style=\"text-align: justify;\"><em>Na \u00faltima sexta-feira, os jovens Marcos Barreto e Ana Jessica Santas do Encontro de Jovens com Cristo \u201cEJC\u201d, da par\u00f3quia Santa Rita de C\u00e1ssia refletiram sobre o subtema da noite: \u201cA Fam\u00edlia promotora da Miseric\u00f3rdia na Sociedade\u201d.\u00a0<\/em><\/p>\n<p style=\"text-align: justify;\"><em>Neste s\u00e1bado aconteceu o encontro dos pais e catequistas, \u00e0s 16h e \u00e0s 19h, o filme de Irm\u00e3 \u00a0Dulce.<\/em><\/p>\n<p style=\"text-align: justify;\"><em>\u00a0No domingo, \u00e0s 11h, vai acontecer um delicioso almo\u00e7o para os pais e filhos da pastoral familiar, no sal\u00e3o paroquial da igreja matriz, e \u00e0s 19h vai acontecer a santa missa de encerramento. Nela ser\u00e1 sorteada uma imagem da sagrada fam\u00edlia para os paroquianos que estiveram nas celebra\u00e7\u00f5es. Vale lembrar que a par\u00f3quia Santa Rita de C\u00e1ssia situa-se no bairro S\u00e3o Caetano em Itabuna.<\/em><\/p>\n<p style=\"text-align: justify;\">Por Reda\u00e7\u00e3o Portal Cat\u00f3lico<\/p>\n","protected":false},"excerpt":{"rendered":"<p>A pastoral familiar\u00a0 da par\u00f3quia Santa Rita de C\u00e1ssia, com seus membros, na Semana da fam\u00edlia, visitou as comunidades pertencentes \u00e0 igreja matriz, nos bairros em Itabuna. Esta a\u00e7\u00e3o faz parte da Semana da Fam\u00edlia\u00a0 que tem como\u00a0 tema \u00a0central: \u201cMiseric\u00f3rdia na fam\u00edlia: dom e miss\u00e3o\u201d. As visitas nas comunidades tiveram in\u00edcio na ter\u00e7a-feira, dia&nbsp;<\/p>\n<p><a class=\"btn btn-style\" href=\"http:\/\/portalcatolico.net\/portal\/paroquia-santa-rita-de-cassia-realiza-encerramento-da-semana-da-familia\/\">Continue Reading<\/a><\/p>\n","protected":false},"author":2,"featured_media":853,"comment_status":"open","ping_status":"open","sticky":false,"template":"","format":"standard","meta":{"footnotes":""},"categories":[3],"tags":[],"class_list":["post-852","post","type-post","status-publish","format-standard","has-post-thumbnail","hentry","category-noticias_regionais"],"_links":{"self":[{"href":"http:\/\/portalcatolico.net\/portal\/wp-json\/wp\/v2\/posts\/852","targetHints":{"allow":["GET"]}}],"collection":[{"href":"http:\/\/portalcatolico.net\/portal\/wp-json\/wp\/v2\/posts"}],"about":[{"href":"http:\/\/portalcatolico.net\/portal\/wp-json\/wp\/v2\/types\/post"}],"author":[{"embeddable":true,"href":"http:\/\/portalcatolico.net\/portal\/wp-json\/wp\/v2\/users\/2"}],"replies":[{"embeddable":true,"href":"http:\/\/portalcatolico.net\/portal\/wp-json\/wp\/v2\/comments?post=852"}],"version-history":[{"count":3,"href":"http:\/\/portalcatolico.net\/portal\/wp-json\/wp\/v2\/posts\/852\/revisions"}],"predecessor-version":[{"id":996,"href":"http:\/\/portalcatolico.net\/portal\/wp-json\/wp\/v2\/posts\/852\/revisions\/996"}],"wp:featuredmedia":[{"embeddable":true,"href":"http:\/\/portalcatolico.net\/portal\/wp-json\/wp\/v2\/media\/853"}],"wp:attachment":[{"href":"http:\/\/portalcatolico.net\/portal\/wp-json\/wp\/v2\/media?parent=852"}],"wp:term":[{"taxonomy":"category","embeddable":true,"href":"http:\/\/portalcatolico.net\/portal\/wp-json\/wp\/v2\/categories?post=852"},{"taxonomy":"post_tag","embeddable":true,"href":"http:\/\/portalcatolico.net\/portal\/wp-json\/wp\/v2\/tags?post=852"}],"curies":[{"name":"wp","href":"https:\/\/api.w.org\/{rel}","templated":true}]}}