{"id":849,"date":"2016-08-14T18:32:03","date_gmt":"2016-08-14T18:32:03","guid":{"rendered":"http:\/\/portalcatolico.net\/portal\/?p=849"},"modified":"2016-08-19T21:21:26","modified_gmt":"2016-08-19T21:21:26","slug":"fieis-celebram-a-festa-de-nossa-senhora-da-vitoria","status":"publish","type":"post","link":"http:\/\/portalcatolico.net\/portal\/fieis-celebram-a-festa-de-nossa-senhora-da-vitoria\/","title":{"rendered":"Fieis celebram a festa de Nossa Senhora da Vit\u00f3ria"},"content":{"rendered":"<p style=\"text-align: justify;\"><em>A par\u00f3quia de Nossa Senhora da Vit\u00f3ria, na cidade de Santa Cruz da Vit\u00f3ria, est\u00e1 em festa! Nesta segunda-feira, 15 de agosto, \u00e9 o \u00a0dia dedicado a santa em v\u00e1rias Arquidioceses do pa\u00eds e \u00e9 quando se encerra o noven\u00e1rio e festa da padroeira da cidade de Santa Cruz da Vitoria (BA), entre outras cidades.<\/em><em>O tema da festa para este ano \u00e9: \u201dBem-Aventurados os misericordiosos, que alcan\u00e7ar\u00e3o a miseric\u00f3rdia. (Mt 5,7).<\/em><em>Os festejos come\u00e7aram no dia 06 de agosto, com carreata pela principais ruas e da cidade e em seguida iniciou o festa da Santa, com a santa missa.<\/em><\/p>\n<p style=\"text-align: justify;\">Por Reda\u00e7\u00e3o\u00a0Portal Cat\u00f3lico<\/p>\n","protected":false},"excerpt":{"rendered":"<p>A par\u00f3quia de Nossa Senhora da Vit\u00f3ria, na cidade de Santa Cruz da Vit\u00f3ria, est\u00e1 em festa! Nesta segunda-feira, 15 de agosto, \u00e9 o \u00a0dia dedicado a santa em v\u00e1rias Arquidioceses do pa\u00eds e \u00e9 quando se encerra o noven\u00e1rio e festa da padroeira da cidade de Santa Cruz da Vitoria (BA), entre outras cidades.O&nbsp;<\/p>\n<p><a class=\"btn btn-style\" href=\"http:\/\/portalcatolico.net\/portal\/fieis-celebram-a-festa-de-nossa-senhora-da-vitoria\/\">Continue Reading<\/a><\/p>\n","protected":false},"author":2,"featured_media":850,"comment_status":"open","ping_status":"open","sticky":false,"template":"","format":"standard","meta":{"footnotes":""},"categories":[3],"tags":[],"class_list":["post-849","post","type-post","status-publish","format-standard","has-post-thumbnail","hentry","category-noticias_regionais"],"_links":{"self":[{"href":"http:\/\/portalcatolico.net\/portal\/wp-json\/wp\/v2\/posts\/849","targetHints":{"allow":["GET"]}}],"collection":[{"href":"http:\/\/portalcatolico.net\/portal\/wp-json\/wp\/v2\/posts"}],"about":[{"href":"http:\/\/portalcatolico.net\/portal\/wp-json\/wp\/v2\/types\/post"}],"author":[{"embeddable":true,"href":"http:\/\/portalcatolico.net\/portal\/wp-json\/wp\/v2\/users\/2"}],"replies":[{"embeddable":true,"href":"http:\/\/portalcatolico.net\/portal\/wp-json\/wp\/v2\/comments?post=849"}],"version-history":[{"count":2,"href":"http:\/\/portalcatolico.net\/portal\/wp-json\/wp\/v2\/posts\/849\/revisions"}],"predecessor-version":[{"id":997,"href":"http:\/\/portalcatolico.net\/portal\/wp-json\/wp\/v2\/posts\/849\/revisions\/997"}],"wp:featuredmedia":[{"embeddable":true,"href":"http:\/\/portalcatolico.net\/portal\/wp-json\/wp\/v2\/media\/850"}],"wp:attachment":[{"href":"http:\/\/portalcatolico.net\/portal\/wp-json\/wp\/v2\/media?parent=849"}],"wp:term":[{"taxonomy":"category","embeddable":true,"href":"http:\/\/portalcatolico.net\/portal\/wp-json\/wp\/v2\/categories?post=849"},{"taxonomy":"post_tag","embeddable":true,"href":"http:\/\/portalcatolico.net\/portal\/wp-json\/wp\/v2\/tags?post=849"}],"curies":[{"name":"wp","href":"https:\/\/api.w.org\/{rel}","templated":true}]}}