{"id":844,"date":"2016-08-12T00:20:11","date_gmt":"2016-08-12T00:20:11","guid":{"rendered":"http:\/\/portalcatolico.net\/portal\/?p=844"},"modified":"2016-08-19T21:22:29","modified_gmt":"2016-08-19T21:22:29","slug":"evento-e-realizado-em-itacare-em-prol-de-restauracao-paroquial-particpe","status":"publish","type":"post","link":"http:\/\/portalcatolico.net\/portal\/evento-e-realizado-em-itacare-em-prol-de-restauracao-paroquial-particpe\/","title":{"rendered":"Evento \u00e9 realizado em Itacar\u00e9 em prol de restaura\u00e7\u00e3o paroquial. Particpe!"},"content":{"rendered":"<p style=\"text-align: justify;\">A restaura\u00e7\u00e3o dos altares da par\u00f3quia de S\u00e3o Miguel Arcanjo pertencente \u00e0 Diocese de Ilh\u00e9us continua. V\u00e1rios eventos est\u00e3o sendo realizado na cidade de Itacar\u00e9 (onde situa-se a igreja) em prol da restaura\u00e7\u00e3o.<\/p>\n<p style=\"text-align: justify;\">Diversas pessoas est\u00e3o envolvidas nesta causa: comerciantes, turistas, visitantes, paroquianos est\u00e3o contribuindo para este trabalho de evangeliza\u00e7\u00e3o.<\/p>\n<p style=\"text-align: justify;\">No s\u00e1bado, dia 13 de agosto, por exemplo, vai acontecer a Noite do Estrogonofe em homenagem ao Dia dos Pais. O evento ter\u00e1 in\u00edcio \u00e0s 19h e ser\u00e1 realizado na pra\u00e7a S\u00e3o Miguel, em Itacar\u00e9, e contar\u00e1 com a apresenta\u00e7\u00e3o musical do padre Ednaldo Cardoso. A realiza\u00e7\u00e3o \u00e9 dos professores da escola estadual Aurelino Leal.<\/p>\n<p style=\"text-align: justify;\">Por Reda\u00e7\u00e3o Portal Cat\u00f3lico<\/p>\n<p>&nbsp;<\/p>\n","protected":false},"excerpt":{"rendered":"<p>A restaura\u00e7\u00e3o dos altares da par\u00f3quia de S\u00e3o Miguel Arcanjo pertencente \u00e0 Diocese de Ilh\u00e9us continua. V\u00e1rios eventos est\u00e3o sendo realizado na cidade de Itacar\u00e9 (onde situa-se a igreja) em prol da restaura\u00e7\u00e3o. Diversas pessoas est\u00e3o envolvidas nesta causa: comerciantes, turistas, visitantes, paroquianos est\u00e3o contribuindo para este trabalho de evangeliza\u00e7\u00e3o. No s\u00e1bado, dia 13 de&nbsp;<\/p>\n<p><a class=\"btn btn-style\" href=\"http:\/\/portalcatolico.net\/portal\/evento-e-realizado-em-itacare-em-prol-de-restauracao-paroquial-particpe\/\">Continue Reading<\/a><\/p>\n","protected":false},"author":2,"featured_media":845,"comment_status":"open","ping_status":"open","sticky":false,"template":"","format":"standard","meta":{"footnotes":""},"categories":[3],"tags":[],"class_list":["post-844","post","type-post","status-publish","format-standard","has-post-thumbnail","hentry","category-noticias_regionais"],"_links":{"self":[{"href":"http:\/\/portalcatolico.net\/portal\/wp-json\/wp\/v2\/posts\/844","targetHints":{"allow":["GET"]}}],"collection":[{"href":"http:\/\/portalcatolico.net\/portal\/wp-json\/wp\/v2\/posts"}],"about":[{"href":"http:\/\/portalcatolico.net\/portal\/wp-json\/wp\/v2\/types\/post"}],"author":[{"embeddable":true,"href":"http:\/\/portalcatolico.net\/portal\/wp-json\/wp\/v2\/users\/2"}],"replies":[{"embeddable":true,"href":"http:\/\/portalcatolico.net\/portal\/wp-json\/wp\/v2\/comments?post=844"}],"version-history":[{"count":2,"href":"http:\/\/portalcatolico.net\/portal\/wp-json\/wp\/v2\/posts\/844\/revisions"}],"predecessor-version":[{"id":999,"href":"http:\/\/portalcatolico.net\/portal\/wp-json\/wp\/v2\/posts\/844\/revisions\/999"}],"wp:featuredmedia":[{"embeddable":true,"href":"http:\/\/portalcatolico.net\/portal\/wp-json\/wp\/v2\/media\/845"}],"wp:attachment":[{"href":"http:\/\/portalcatolico.net\/portal\/wp-json\/wp\/v2\/media?parent=844"}],"wp:term":[{"taxonomy":"category","embeddable":true,"href":"http:\/\/portalcatolico.net\/portal\/wp-json\/wp\/v2\/categories?post=844"},{"taxonomy":"post_tag","embeddable":true,"href":"http:\/\/portalcatolico.net\/portal\/wp-json\/wp\/v2\/tags?post=844"}],"curies":[{"name":"wp","href":"https:\/\/api.w.org\/{rel}","templated":true}]}}