{"id":841,"date":"2016-08-12T00:18:29","date_gmt":"2016-08-12T00:18:29","guid":{"rendered":"http:\/\/portalcatolico.net\/portal\/?p=841"},"modified":"2016-08-19T21:07:00","modified_gmt":"2016-08-19T21:07:00","slug":"paroquia-santa-rita-de-cassia-realiza-semana-da-familia-em-itabuna","status":"publish","type":"post","link":"http:\/\/portalcatolico.net\/portal\/paroquia-santa-rita-de-cassia-realiza-semana-da-familia-em-itabuna\/","title":{"rendered":"Par\u00f3quia Santa Rita de C\u00e1ssia realiza Semana da Fam\u00edlia em Itabuna"},"content":{"rendered":"<p style=\"text-align: justify;\"><span style=\"color: #000000;\">A pastoral familiar da par\u00f3quia Santa Rita de C\u00e1ssia iniciou no \u00faltimo domingo, 07 de agosto, a Semana da Fam\u00edlia. A abertura do evento iniciou com a santa missa, \u00e0s 19h que foi presidida pelo p\u00e1roco da igreja matriz frei Jos\u00e9 Genilton e concelebrada por frei Carlos In\u00e1cio.<\/span><\/p>\n<p style=\"text-align: justify;\"><span style=\"color: #000000;\"><strong>A Semana da Fam\u00edlia tem como tema para este ano: \u201cMiseric\u00f3rdia na fam\u00edlia: dom e miss\u00e3o\u201d, e est\u00e1 sendo realizada pelos membros da Pastoral Familiar,em todas as comunidades e na igreja matriz, com a participa\u00e7\u00e3o das pastorais, movimentos, grupos ,fieis, devotos de Santa Rita de C\u00e1ssia, Santa Luzia, Nossa Senhora de Lourdes, S\u00e3o Francisco de Assis e S\u00e3o Paulo Apostolo.<\/strong><\/span><\/p>\n<p style=\"text-align: justify;\"><span style=\"color: #000000;\">Todas as noites acontecem a santa missa composta de palestras, m\u00fasica, ora\u00e7\u00e3o, sil\u00eancio, entre outros momentos de evangeliza\u00e7\u00e3o para as fam\u00edlias.<\/span><\/p>\n<p style=\"text-align: justify;\"><span style=\"color: #000000;\">No s\u00e1bado, dia 13, acontecer\u00e1 o encontro dos pais e filhos da Catequese, \u00e0s 16h, na igreja matriz. \u00c0s 19h, todos poder\u00e3o assistir no sal\u00e3o paroquial o filme de Irm\u00e3 Dulce. E no domingo (14), acontecer\u00e1 um delicioso almo\u00e7o para as fam\u00edlias da Pastoral Fam\u00edlia ,no sal\u00e3o paroquial da Igreja matriz, \u00e0s 11h.<\/span><\/p>\n<p style=\"text-align: justify;\"><span style=\"color: #000000;\">O encerramento da Semana da Fam\u00edlia acontecer\u00e1 \u00e0s 19h com a santa missa.<\/span><\/p>\n<p style=\"text-align: justify;\"><span style=\"color: #000000;\">Participe!<\/span><\/p>\n<p style=\"text-align: justify;\"><span style=\"color: #000000;\">Por Reda\u00e7\u00e3o Portal Cat\u00f3lico<\/span><\/p>\n<p>&nbsp;<\/p>\n","protected":false},"excerpt":{"rendered":"<p>A pastoral familiar da par\u00f3quia Santa Rita de C\u00e1ssia iniciou no \u00faltimo domingo, 07 de agosto, a Semana da Fam\u00edlia. A abertura do evento iniciou com a santa missa, \u00e0s 19h que foi presidida pelo p\u00e1roco da igreja matriz frei Jos\u00e9 Genilton e concelebrada por frei Carlos In\u00e1cio. A Semana da Fam\u00edlia tem como tema&nbsp;<\/p>\n<p><a class=\"btn btn-style\" href=\"http:\/\/portalcatolico.net\/portal\/paroquia-santa-rita-de-cassia-realiza-semana-da-familia-em-itabuna\/\">Continue Reading<\/a><\/p>\n","protected":false},"author":2,"featured_media":842,"comment_status":"open","ping_status":"open","sticky":false,"template":"","format":"standard","meta":{"footnotes":""},"categories":[3],"tags":[],"class_list":["post-841","post","type-post","status-publish","format-standard","has-post-thumbnail","hentry","category-noticias_regionais"],"_links":{"self":[{"href":"http:\/\/portalcatolico.net\/portal\/wp-json\/wp\/v2\/posts\/841","targetHints":{"allow":["GET"]}}],"collection":[{"href":"http:\/\/portalcatolico.net\/portal\/wp-json\/wp\/v2\/posts"}],"about":[{"href":"http:\/\/portalcatolico.net\/portal\/wp-json\/wp\/v2\/types\/post"}],"author":[{"embeddable":true,"href":"http:\/\/portalcatolico.net\/portal\/wp-json\/wp\/v2\/users\/2"}],"replies":[{"embeddable":true,"href":"http:\/\/portalcatolico.net\/portal\/wp-json\/wp\/v2\/comments?post=841"}],"version-history":[{"count":3,"href":"http:\/\/portalcatolico.net\/portal\/wp-json\/wp\/v2\/posts\/841\/revisions"}],"predecessor-version":[{"id":980,"href":"http:\/\/portalcatolico.net\/portal\/wp-json\/wp\/v2\/posts\/841\/revisions\/980"}],"wp:featuredmedia":[{"embeddable":true,"href":"http:\/\/portalcatolico.net\/portal\/wp-json\/wp\/v2\/media\/842"}],"wp:attachment":[{"href":"http:\/\/portalcatolico.net\/portal\/wp-json\/wp\/v2\/media?parent=841"}],"wp:term":[{"taxonomy":"category","embeddable":true,"href":"http:\/\/portalcatolico.net\/portal\/wp-json\/wp\/v2\/categories?post=841"},{"taxonomy":"post_tag","embeddable":true,"href":"http:\/\/portalcatolico.net\/portal\/wp-json\/wp\/v2\/tags?post=841"}],"curies":[{"name":"wp","href":"https:\/\/api.w.org\/{rel}","templated":true}]}}