{"id":837,"date":"2016-08-09T19:09:23","date_gmt":"2016-08-09T19:09:23","guid":{"rendered":"http:\/\/portalcatolico.net\/portal\/?p=837"},"modified":"2016-08-19T21:24:12","modified_gmt":"2016-08-19T21:24:12","slug":"phn-2016-em-itabuna","status":"publish","type":"post","link":"http:\/\/portalcatolico.net\/portal\/phn-2016-em-itabuna\/","title":{"rendered":"PHN 2016 em Itabuna"},"content":{"rendered":"<p>O grupo de ora\u00e7\u00e3o da \u201cRCC\u201d da par\u00f3quia Santa Rita de C\u00e1ssia, realizar\u00e1 nos dias 20 e 21 de agosto de 2016,no Col\u00e9gio CAIC, situado no bairro Jardim Primavera, em Itabuna (BA).<\/p>\n<p>O PHN ter\u00e1 como tema: \u201cA miseric\u00f3rdia do Senhor \u00e9 sem fim\u201d. O evento ser\u00e1 composto de ora\u00e7\u00e3o, prega\u00e7\u00f5es, louvor, confiss\u00f5es, testemunhos, santa missa, show, entre outros momentos importantes para a evangeliza\u00e7\u00e3o.<\/p>\n<p>A pregadora Eliana Reis, da par\u00f3quia de Santo Andr\u00e9 de Mogi Gua\u00e7u, do estado de S\u00e3o Paulo, vai refletir sobre o testemunho de cura pela f\u00e9 da Santa Eucaristia. Os pregadores Tales Bispo e C\u00e1ssia Jos\u00e9 da Diocese de Itabuna tamb\u00e9m participar\u00e3o.<\/p>\n<p>O show ser\u00e1 com Artur Giovanni que apresentar\u00e1 o seu novo CD.<\/p>\n<p>O ingresso custar\u00e1 R$10,00 e pode ser adquirido na secretaria da par\u00f3quia Santa Rita de C\u00e1ssia ou com os membros do grupo de Ora\u00e7\u00e3o da igreja. Para maiores informa\u00e7\u00f5es, basta entrar em contato pelos telefones (73) 9 8846-5510\/3617-27-22 ou por e-mail : phnitabuna@hotmail.com<\/p>\n<p>Monte sua caravana e venha participar conosco!<\/p>\n<p>Por Reda\u00e7\u00e3o Portal Cat\u00f3lico<\/p>\n","protected":false},"excerpt":{"rendered":"<p>O grupo de ora\u00e7\u00e3o da \u201cRCC\u201d da par\u00f3quia Santa Rita de C\u00e1ssia, realizar\u00e1 nos dias 20 e 21 de agosto de 2016,no Col\u00e9gio CAIC, situado no bairro Jardim Primavera, em Itabuna (BA). O PHN ter\u00e1 como tema: \u201cA miseric\u00f3rdia do Senhor \u00e9 sem fim\u201d. O evento ser\u00e1 composto de ora\u00e7\u00e3o, prega\u00e7\u00f5es, louvor, confiss\u00f5es, testemunhos, santa&nbsp;<\/p>\n<p><a class=\"btn btn-style\" href=\"http:\/\/portalcatolico.net\/portal\/phn-2016-em-itabuna\/\">Continue Reading<\/a><\/p>\n","protected":false},"author":2,"featured_media":886,"comment_status":"open","ping_status":"open","sticky":false,"template":"","format":"aside","meta":{"footnotes":""},"categories":[3],"tags":[],"class_list":["post-837","post","type-post","status-publish","format-aside","has-post-thumbnail","hentry","category-noticias_regionais","post_format-post-format-aside"],"_links":{"self":[{"href":"http:\/\/portalcatolico.net\/portal\/wp-json\/wp\/v2\/posts\/837","targetHints":{"allow":["GET"]}}],"collection":[{"href":"http:\/\/portalcatolico.net\/portal\/wp-json\/wp\/v2\/posts"}],"about":[{"href":"http:\/\/portalcatolico.net\/portal\/wp-json\/wp\/v2\/types\/post"}],"author":[{"embeddable":true,"href":"http:\/\/portalcatolico.net\/portal\/wp-json\/wp\/v2\/users\/2"}],"replies":[{"embeddable":true,"href":"http:\/\/portalcatolico.net\/portal\/wp-json\/wp\/v2\/comments?post=837"}],"version-history":[{"count":2,"href":"http:\/\/portalcatolico.net\/portal\/wp-json\/wp\/v2\/posts\/837\/revisions"}],"predecessor-version":[{"id":840,"href":"http:\/\/portalcatolico.net\/portal\/wp-json\/wp\/v2\/posts\/837\/revisions\/840"}],"wp:featuredmedia":[{"embeddable":true,"href":"http:\/\/portalcatolico.net\/portal\/wp-json\/wp\/v2\/media\/886"}],"wp:attachment":[{"href":"http:\/\/portalcatolico.net\/portal\/wp-json\/wp\/v2\/media?parent=837"}],"wp:term":[{"taxonomy":"category","embeddable":true,"href":"http:\/\/portalcatolico.net\/portal\/wp-json\/wp\/v2\/categories?post=837"},{"taxonomy":"post_tag","embeddable":true,"href":"http:\/\/portalcatolico.net\/portal\/wp-json\/wp\/v2\/tags?post=837"}],"curies":[{"name":"wp","href":"https:\/\/api.w.org\/{rel}","templated":true}]}}