{"id":833,"date":"2016-08-09T19:06:48","date_gmt":"2016-08-09T19:06:48","guid":{"rendered":"http:\/\/portalcatolico.net\/portal\/?p=833"},"modified":"2016-08-19T21:25:10","modified_gmt":"2016-08-19T21:25:10","slug":"pesar-do-papa-por-ataque-a-hospital-no-paquistao","status":"publish","type":"post","link":"http:\/\/portalcatolico.net\/portal\/pesar-do-papa-por-ataque-a-hospital-no-paquistao\/","title":{"rendered":"Pesar do Papa por ataque a hospital no Paquist\u00e3o"},"content":{"rendered":"<p style=\"text-align: justify;\">\u201cUm brutal e sem sentido ato de viol\u00eancia\u201d \u2013 foi assim que o Papa definiu o atentado contra um hospital civil em Quetta, no Paquist\u00e3o, acontecido nesta segunda-feira dia 8 de agosto.<\/p>\n<p style=\"text-align: justify;\">Nesta ter\u00e7a-feira (09\/08), o Cardeal Secret\u00e1rio de Estado Pietro Parolin enviou \u2013 em nome do Papa \u2013 \u00e0s autoridades eclesiais e civis do Paquist\u00e3o a seguinte mensagem de pesar pelas numerosas v\u00edtimas:<\/p>\n<p style=\"text-align: justify;\">\u201cProfundamente entristecido ao saber das numerosas v\u00edtimas do ataque a um hospital em Quetta, o Papa envia suas sinceras condol\u00eancias aos parentes das v\u00edtimas, \u00e0s autoridades e a toda a na\u00e7\u00e3o, enquanto garante as suas ora\u00e7\u00f5es pelos feridos desTe brutal e sem sentido ato de viol\u00eancia. O Papa invoca a todos que est\u00e3o de luto e que foram afetados pela trag\u00e9dia, dons divinos de consola\u00e7\u00e3o e for\u00e7a\u201d.<\/p>\n<p style=\"text-align: justify;\">Com informa\u00e7\u00f5es e foto da R\u00e1dio Vaticano<\/p>\n<p>&nbsp;<\/p>\n","protected":false},"excerpt":{"rendered":"<p>\u201cUm brutal e sem sentido ato de viol\u00eancia\u201d \u2013 foi assim que o Papa definiu o atentado contra um hospital civil em Quetta, no Paquist\u00e3o, acontecido nesta segunda-feira dia 8 de agosto. Nesta ter\u00e7a-feira (09\/08), o Cardeal Secret\u00e1rio de Estado Pietro Parolin enviou \u2013 em nome do Papa \u2013 \u00e0s autoridades eclesiais e civis do&nbsp;<\/p>\n<p><a class=\"btn btn-style\" href=\"http:\/\/portalcatolico.net\/portal\/pesar-do-papa-por-ataque-a-hospital-no-paquistao\/\">Continue Reading<\/a><\/p>\n","protected":false},"author":2,"featured_media":835,"comment_status":"open","ping_status":"open","sticky":false,"template":"","format":"standard","meta":{"footnotes":""},"categories":[5],"tags":[],"class_list":["post-833","post","type-post","status-publish","format-standard","has-post-thumbnail","hentry","category-igreja_no_mundo"],"_links":{"self":[{"href":"http:\/\/portalcatolico.net\/portal\/wp-json\/wp\/v2\/posts\/833","targetHints":{"allow":["GET"]}}],"collection":[{"href":"http:\/\/portalcatolico.net\/portal\/wp-json\/wp\/v2\/posts"}],"about":[{"href":"http:\/\/portalcatolico.net\/portal\/wp-json\/wp\/v2\/types\/post"}],"author":[{"embeddable":true,"href":"http:\/\/portalcatolico.net\/portal\/wp-json\/wp\/v2\/users\/2"}],"replies":[{"embeddable":true,"href":"http:\/\/portalcatolico.net\/portal\/wp-json\/wp\/v2\/comments?post=833"}],"version-history":[{"count":2,"href":"http:\/\/portalcatolico.net\/portal\/wp-json\/wp\/v2\/posts\/833\/revisions"}],"predecessor-version":[{"id":1003,"href":"http:\/\/portalcatolico.net\/portal\/wp-json\/wp\/v2\/posts\/833\/revisions\/1003"}],"wp:featuredmedia":[{"embeddable":true,"href":"http:\/\/portalcatolico.net\/portal\/wp-json\/wp\/v2\/media\/835"}],"wp:attachment":[{"href":"http:\/\/portalcatolico.net\/portal\/wp-json\/wp\/v2\/media?parent=833"}],"wp:term":[{"taxonomy":"category","embeddable":true,"href":"http:\/\/portalcatolico.net\/portal\/wp-json\/wp\/v2\/categories?post=833"},{"taxonomy":"post_tag","embeddable":true,"href":"http:\/\/portalcatolico.net\/portal\/wp-json\/wp\/v2\/tags?post=833"}],"curies":[{"name":"wp","href":"https:\/\/api.w.org\/{rel}","templated":true}]}}