{"id":830,"date":"2016-08-09T19:02:26","date_gmt":"2016-08-09T19:02:26","guid":{"rendered":"http:\/\/portalcatolico.net\/portal\/?p=830"},"modified":"2016-08-19T21:26:06","modified_gmt":"2016-08-19T21:26:06","slug":"paroquia-nossa-senhora-aparecida-realiza-cerco-de-jerico-pelas-familias","status":"publish","type":"post","link":"http:\/\/portalcatolico.net\/portal\/paroquia-nossa-senhora-aparecida-realiza-cerco-de-jerico-pelas-familias\/","title":{"rendered":"Par\u00f3quia Nossa Senhora Aparecida realiza Cerco de Jeric\u00f3 pelas fam\u00edlias"},"content":{"rendered":"<p style=\"text-align: justify;\">Esta acontecendo na par\u00f3quia Nossa Senhora Aparecida, situada no bairro da Calif\u00f3rnia, em Itabuna, o primeiro Cerco de Jeric\u00f3 pelas fam\u00edlias, com o tema: \u201cRestaura nossa casa, senhor!\u201d.<\/p>\n<p style=\"text-align: justify;\">O evento come\u00e7ou ontem (07) e terminar\u00e1 em 13 de agosto. Ser\u00e1 composto de ora\u00e7\u00e3o, santa missa, adora\u00e7\u00e3o ao Sant\u00edssimo Sacramento, ros\u00e1rio e ora\u00e7\u00e3o de cura e liberta\u00e7\u00e3o, entre outros momentos de evangeliza\u00e7\u00e3o.<\/p>\n<p style=\"text-align: justify;\">O cerco de Jeric\u00f3 est\u00e1 sendo realizado na igreja nova, pr\u00f3ximo \u00e0 pra\u00e7a do bairro, sempre \u00e0s 19h. \u00c9 aberto para todas as fam\u00edlias.<\/p>\n<p style=\"text-align: justify;\">Se voc\u00ea tem v\u00edcio, medo, depress\u00e3o, \u00f3dio, falta de f\u00e9, doen\u00e7as, dificuldade financeira, entre outros problemas, participe deste momento!<\/p>\n<p style=\"text-align: justify;\">Por Reda\u00e7\u00e3o Portal Cat\u00f3lico<\/p>\n<p>&nbsp;<\/p>\n","protected":false},"excerpt":{"rendered":"<p>Esta acontecendo na par\u00f3quia Nossa Senhora Aparecida, situada no bairro da Calif\u00f3rnia, em Itabuna, o primeiro Cerco de Jeric\u00f3 pelas fam\u00edlias, com o tema: \u201cRestaura nossa casa, senhor!\u201d. O evento come\u00e7ou ontem (07) e terminar\u00e1 em 13 de agosto. Ser\u00e1 composto de ora\u00e7\u00e3o, santa missa, adora\u00e7\u00e3o ao Sant\u00edssimo Sacramento, ros\u00e1rio e ora\u00e7\u00e3o de cura e&nbsp;<\/p>\n<p><a class=\"btn btn-style\" href=\"http:\/\/portalcatolico.net\/portal\/paroquia-nossa-senhora-aparecida-realiza-cerco-de-jerico-pelas-familias\/\">Continue Reading<\/a><\/p>\n","protected":false},"author":2,"featured_media":831,"comment_status":"open","ping_status":"open","sticky":false,"template":"","format":"standard","meta":{"footnotes":""},"categories":[3],"tags":[],"class_list":["post-830","post","type-post","status-publish","format-standard","has-post-thumbnail","hentry","category-noticias_regionais"],"_links":{"self":[{"href":"http:\/\/portalcatolico.net\/portal\/wp-json\/wp\/v2\/posts\/830","targetHints":{"allow":["GET"]}}],"collection":[{"href":"http:\/\/portalcatolico.net\/portal\/wp-json\/wp\/v2\/posts"}],"about":[{"href":"http:\/\/portalcatolico.net\/portal\/wp-json\/wp\/v2\/types\/post"}],"author":[{"embeddable":true,"href":"http:\/\/portalcatolico.net\/portal\/wp-json\/wp\/v2\/users\/2"}],"replies":[{"embeddable":true,"href":"http:\/\/portalcatolico.net\/portal\/wp-json\/wp\/v2\/comments?post=830"}],"version-history":[{"count":2,"href":"http:\/\/portalcatolico.net\/portal\/wp-json\/wp\/v2\/posts\/830\/revisions"}],"predecessor-version":[{"id":1005,"href":"http:\/\/portalcatolico.net\/portal\/wp-json\/wp\/v2\/posts\/830\/revisions\/1005"}],"wp:featuredmedia":[{"embeddable":true,"href":"http:\/\/portalcatolico.net\/portal\/wp-json\/wp\/v2\/media\/831"}],"wp:attachment":[{"href":"http:\/\/portalcatolico.net\/portal\/wp-json\/wp\/v2\/media?parent=830"}],"wp:term":[{"taxonomy":"category","embeddable":true,"href":"http:\/\/portalcatolico.net\/portal\/wp-json\/wp\/v2\/categories?post=830"},{"taxonomy":"post_tag","embeddable":true,"href":"http:\/\/portalcatolico.net\/portal\/wp-json\/wp\/v2\/tags?post=830"}],"curies":[{"name":"wp","href":"https:\/\/api.w.org\/{rel}","templated":true}]}}