{"id":826,"date":"2016-08-09T19:00:45","date_gmt":"2016-08-09T19:00:45","guid":{"rendered":"http:\/\/portalcatolico.net\/portal\/?p=826"},"modified":"2016-08-19T21:10:16","modified_gmt":"2016-08-19T21:10:16","slug":"diocese-de-itabuna-realiza-semana-nacional-da-familia-2","status":"publish","type":"post","link":"http:\/\/portalcatolico.net\/portal\/diocese-de-itabuna-realiza-semana-nacional-da-familia-2\/","title":{"rendered":"Diocese de Itabuna realiza Semana Nacional da Fam\u00edlia"},"content":{"rendered":"<p>Est\u00e1 acontecendo na Diocese de Itabuna a Semana Nacional da Fam\u00edlia. O evento come\u00e7ou no \u00faltimo domingo (07) e vai at\u00e9 dia 21 de agosto, com o tema \u201cMiseric\u00f3rdia na Fam\u00edlia, dom e miss\u00e3o\u201d.<\/p>\n<p>A programa\u00e7\u00e3o contar\u00e1 com encontros que ser\u00e3o celebrados nas par\u00f3quias de Itabuna todas as noites sempre \u00e0s 19h.<\/p>\n<p><b>Confira a programa\u00e7\u00e3o da Semana que acontece na pra\u00e7a Camacan, no Centro de Itabuna:<\/b><\/p>\n<p>Dia 15: Par\u00f3quias Nossa Senhora da Concei\u00e7\u00e3o, S\u00e3o Judas Tadeu, Catedral de S\u00e3o Jos\u00e9 e movimento do Encontro de Casai com Cristo o ECC. Tema para a primeira noite: \u201cCriados por um pai misericordioso\u201d.<\/p>\n<p>Dia 16: Par\u00f3quia Nossa Senhora de F\u00e1tima, Legi\u00e3o de Maria, Apostolado da Ora\u00e7\u00e3o, M\u00e3e Rainha e Equipe de Nossa Senhora. Com o tema: \u201cCriados na miseric\u00f3rdia e para a miseric\u00f3rdia.\u201d<\/p>\n<p>Dia 17: Par\u00f3quias Senhor do Bomfim, Santa Rita de C\u00e1ssia, Nossa Senhora da Concei\u00e7\u00e3o de Ferradas e Renova\u00e7\u00e3o Carism\u00e1tica Cat\u00f3lica o RCC. Com o tema: \u201cProcurados pela miseric\u00f3rdia \u201d.<\/p>\n<p>Dia 18: Par\u00f3quias Nossa Senhora Aparecida, Nossa Senhora da Piedade, Nossa Senhora da Vit\u00f3ria, Movimentos dos Vicentinos e Pastoral da Crian\u00e7a. Com o tema: \u201cFam\u00edlia e Igreja, lugares da miseric\u00f3rdia.\u201d<\/p>\n<p>Dia 19: Par\u00f3quias Santa Maria Goretti, Santa Maria Madalena, Movimento do Cursilho e MECE. \u201cCom o tema: \u201cO perd\u00e3o na Fam\u00edlia: fonte de reconcilia\u00e7\u00e3o e liberta\u00e7\u00e3o\u201d.<\/p>\n<p>Dia 20: No Col\u00e9gio CAIC no bairro Jardim Primavera no PHN. Movimentos e grupos de Jovens, Escalada, EJC e Grupo do MEFA. Com o tema: \u201cAs obras da miseric\u00f3rdia na fam\u00edlia pela fam\u00edlia.\u201d<\/p>\n<p>Dia 21- Alameda da Juventude na beira Rio. Paroquias: Santa In\u00eas, Santo Antonio e Comunidade Rainha da Paz. Com o tema: \u201cA fam\u00edlia promotora da Miseric\u00f3rdia na sociedade.\u201d<\/p>\n<p>Organiza\u00e7\u00e3o: Pastoral Familiar Diocesano. Com apoio da Diocese de Itabuna.<\/p>\n<p>Por Reda\u00e7\u00e3o Portal Cat\u00f3lico<\/p>\n<p>&nbsp;<\/p>\n","protected":false},"excerpt":{"rendered":"<p>Est\u00e1 acontecendo na Diocese de Itabuna a Semana Nacional da Fam\u00edlia. O evento come\u00e7ou no \u00faltimo domingo (07) e vai at\u00e9 dia 21 de agosto, com o tema \u201cMiseric\u00f3rdia na Fam\u00edlia, dom e miss\u00e3o\u201d. A programa\u00e7\u00e3o contar\u00e1 com encontros que ser\u00e3o celebrados nas par\u00f3quias de Itabuna todas as noites sempre \u00e0s 19h. Confira a programa\u00e7\u00e3o&nbsp;<\/p>\n<p><a class=\"btn btn-style\" href=\"http:\/\/portalcatolico.net\/portal\/diocese-de-itabuna-realiza-semana-nacional-da-familia-2\/\">Continue Reading<\/a><\/p>\n","protected":false},"author":2,"featured_media":828,"comment_status":"open","ping_status":"open","sticky":false,"template":"","format":"standard","meta":{"footnotes":""},"categories":[3],"tags":[],"class_list":["post-826","post","type-post","status-publish","format-standard","has-post-thumbnail","hentry","category-noticias_regionais"],"_links":{"self":[{"href":"http:\/\/portalcatolico.net\/portal\/wp-json\/wp\/v2\/posts\/826","targetHints":{"allow":["GET"]}}],"collection":[{"href":"http:\/\/portalcatolico.net\/portal\/wp-json\/wp\/v2\/posts"}],"about":[{"href":"http:\/\/portalcatolico.net\/portal\/wp-json\/wp\/v2\/types\/post"}],"author":[{"embeddable":true,"href":"http:\/\/portalcatolico.net\/portal\/wp-json\/wp\/v2\/users\/2"}],"replies":[{"embeddable":true,"href":"http:\/\/portalcatolico.net\/portal\/wp-json\/wp\/v2\/comments?post=826"}],"version-history":[{"count":2,"href":"http:\/\/portalcatolico.net\/portal\/wp-json\/wp\/v2\/posts\/826\/revisions"}],"predecessor-version":[{"id":986,"href":"http:\/\/portalcatolico.net\/portal\/wp-json\/wp\/v2\/posts\/826\/revisions\/986"}],"wp:featuredmedia":[{"embeddable":true,"href":"http:\/\/portalcatolico.net\/portal\/wp-json\/wp\/v2\/media\/828"}],"wp:attachment":[{"href":"http:\/\/portalcatolico.net\/portal\/wp-json\/wp\/v2\/media?parent=826"}],"wp:term":[{"taxonomy":"category","embeddable":true,"href":"http:\/\/portalcatolico.net\/portal\/wp-json\/wp\/v2\/categories?post=826"},{"taxonomy":"post_tag","embeddable":true,"href":"http:\/\/portalcatolico.net\/portal\/wp-json\/wp\/v2\/tags?post=826"}],"curies":[{"name":"wp","href":"https:\/\/api.w.org\/{rel}","templated":true}]}}