{"id":823,"date":"2016-08-08T22:13:50","date_gmt":"2016-08-08T22:13:50","guid":{"rendered":"http:\/\/portalcatolico.net\/portal\/?p=823"},"modified":"2016-08-19T21:27:55","modified_gmt":"2016-08-19T21:27:55","slug":"comeca-o-27o-encontro-para-novos-bispos","status":"publish","type":"post","link":"http:\/\/portalcatolico.net\/portal\/comeca-o-27o-encontro-para-novos-bispos\/","title":{"rendered":"Come\u00e7a o 27\u00ba Encontro para Novos Bispos"},"content":{"rendered":"<p style=\"text-align: justify;\">Semana de forma\u00e7\u00e3o re\u00fane 20 bispos nomeados desde outubro de 2015<\/p>\n<p style=\"text-align: justify;\">Os vinte novos membros do episcopado, nomeados desde outubro de 2015 para a Igreja no Brasil,\u00a0participam,\u00a0na sede da Confer\u00eancia Nacional dos Bispos do Brasil (CNBB), em Bras\u00edlia (DF),\u00a0do\u00a027\u00ba\u00a0Encontro para\u00a0Novos\u00a0Bispos, promovido pela Comiss\u00e3o Episcopal Pastoral para os Minist\u00e9rios Ordenados e a Vida Consagrada da CNBB. O evento\u00a0come\u00e7ou\u00a0nesta segunda-feira, 8, e seguir\u00e1 at\u00e9 sexta, 12.<\/p>\n<p style=\"text-align: justify;\">Visitas, exposi\u00e7\u00f5es, palestras e testemunhos sobre as atribui\u00e7\u00f5es e o minist\u00e9rio episcopal s\u00e3o atividades que est\u00e3o na pauta do encontro. Em todos os dias haver\u00e1 celebra\u00e7\u00e3o eucar\u00edstica e medita\u00e7\u00e3o da liturgia das horas.<\/p>\n<p style=\"text-align: justify;\">O objetivo do encontro \u00e9 \u201cestreitar os la\u00e7os de amizade e de conviv\u00eancia fraterna\u201d entre os novos membros do episcopado. A forma\u00e7\u00e3o procura, ainda, \u201caprofundar a compreens\u00e3o da vida e da miss\u00e3o do bispo e possibilitar o conhecimento da sede, das estruturas, dos trabalhos e servi\u00e7os que acontecem na CNBB\u201d, numa oportunidade de contato pessoal com as v\u00e1rias comiss\u00f5es pastorais e assessores da Confer\u00eancia.<\/p>\n<p style=\"text-align: justify;\">No encontro,\u00a0o arcebispo de Bras\u00edlia (DF) e presidente da CNBB, dom Sergio da Rocha, falar\u00e1 sobre\u00a0visita pastoral;\u00a0o\u00a0bispo auxiliar de Bras\u00edlia (DF) e secret\u00e1rio gera da Confer\u00eancia, dom Leonardo Ulrich Steiner, sobre as perspectivas das Diretrizes Gerais da A\u00e7\u00e3o Evangelizadora da Igreja no Brasil (DGAE);\u00a0\u00a0o\u00a0arcebispo de Curitiba (PR) e presidente da Comiss\u00e3o Episcopal para a Anima\u00e7\u00e3o B\u00edblico-Catequ\u00e9tica da CNBB, dom Jos\u00e9 Ant\u00f4nio Peruzzo, conduzir\u00e1 palestra sobre \u201cO bispo e a sua miss\u00e3o\u201d;\u00a0o\u00a0bispo de Parna\u00edba (PI), dom Alfredo Schaffler, falar\u00e1 sobre \u201ca solidariedade e partilha na Igreja no Brasil\u201d. O ec\u00f4nomo da CNBB, monsenhor Nereudo Freire Henrique, far\u00e1 palestra sobre administra\u00e7\u00e3o financeira da diocese. J\u00e1 o subsecret\u00e1rio adjunto de Pastoral da Confer\u00eancia, monsenhor Ant\u00f4nio Luiz Catelan Ferreira, explicar\u00e1 a din\u00e2mica do secretariado da CNBB com a presen\u00e7a dos assessores nacionais.<\/p>\n<p style=\"text-align: justify;\">Ainda na agenda de exposi\u00e7\u00f5es, o bispo de Montenegro (RS), dom Paulo Ant\u00f4nio De Conto, apresentar\u00e1 seu testemunho como bispo. O bispo de S\u00e3o Jos\u00e9 dos Pinhais (PR), dom Francisco Carlos Bach, dar\u00e1 orienta\u00e7\u00f5es sobre Direito Can\u00f4nico; o bispo de Paranagu\u00e1 (PR), dom Edmar Peron, sobre Liturgia. A programa\u00e7\u00e3o ainda prev\u00ea uma palestra com o bispo auxiliar do Ordinariado Militar do Brasil, \u00a0dom Jos\u00e9 Francisco Falc\u00e3o de Barros, e um momento de di\u00e1logo com o n\u00fancio apost\u00f3lico no Brasil, dom Giovanni D\u2019Aniello.<\/p>\n<p style=\"text-align: justify;\">Os novos bispos far\u00e3o, durante esta semana, visitas \u00e0s sedes das Pontif\u00edcias Obras Mission\u00e1rias (POM), do Centro Cultural Mission\u00e1rio (CMM) e da Confer\u00eancia dos Religiosos do Brasil (CRB). Tamb\u00e9m ir\u00e3o \u00e0 catedral metropolitana de Bras\u00edlia e ao Congresso Nacional.<\/p>\n<p style=\"text-align: justify;\">Saiba quem s\u00e3o os vinte bispos participantes do encontro, suas respectivas dioceses e datas de nomea\u00e7\u00e3o e ordena\u00e7\u00e3o episcopal:<\/p>\n<p style=\"text-align: justify;\">\n<p style=\"text-align: justify;\"><strong>Dom Paulo Bosi Dal \u2018B\u00f3, bispo de S\u00e3o Mateus (ES)<\/strong><br \/>\nNomea\u00e7\u00e3o: 21\/10\/2015<br \/>\nOrdena\u00e7\u00e3o: 26\/12\/2015<\/p>\n<p style=\"text-align: justify;\"><strong>Dom Henrique Aparecido de Lima, bispo de Dourados (MS)\u00a0<\/strong><br \/>\nNomea\u00e7\u00e3o: 21\/10\/2015<br \/>\nOrdena\u00e7\u00e3o: 30\/01\/2016<\/p>\n<p style=\"text-align: justify;\"><strong>Dom Jos\u00e9 Reginaldo Andrietta, bispo de Jales (SP)<\/strong><br \/>\nNomea\u00e7\u00e3o: 21\/10\/2015<br \/>\nOrdena\u00e7\u00e3o: 27\/12\/2015<\/p>\n<p style=\"text-align: justify;\"><strong>Dom N\u00e9lio Domingos Zortea<\/strong><br \/>\nNomea\u00e7\u00e3o: 18\/11\/2015<br \/>\nOrdena\u00e7\u00e3o: 30\/01\/2016<\/p>\n<p style=\"text-align: justify;\"><strong>Dom Jo\u00e3o Muniz Alves, bispo da prelazia de Xingu (PA)<br \/>\n<\/strong>Nomea\u00e7\u00e3o: 23\/12\/2015<br \/>\nOrdena\u00e7\u00e3o: 05\/03\/2016<\/p>\n<p style=\"text-align: justify;\"><strong>Dom Aparecido Donizeti de Souza, bispo auxiliar de Porto Alegre (RS)<br \/>\n<\/strong>Nomea\u00e7\u00e3o: 30\/12\/2015<br \/>\nOrdena\u00e7\u00e3o: 18\/03\/2016<\/p>\n<p style=\"text-align: justify;\"><strong>Dom Adilson Pedro Busin, bispo auxiliar de Porto Alegre (RS)<\/strong><br \/>\nNomea\u00e7\u00e3o: 27\/01\/2016<br \/>\nOrdena\u00e7\u00e3o: 30\/04\/2016<\/p>\n<p style=\"text-align: justify;\"><strong>Dom Ricardo Hoepers, bispo de Rio Grande (RS)<\/strong><br \/>\nNomea\u00e7\u00e3o: 17\/02\/2016<br \/>\nOrdena\u00e7\u00e3o: 14\/05\/2016<\/p>\n<p style=\"text-align: justify;\"><strong>Dom Carlos Alberto Breis Pereira, bispo coadjutor de Juazeiro (BA)<\/strong><br \/>\nNomea\u00e7\u00e3o: 17\/02\/2016<br \/>\nOrdena\u00e7\u00e3o: 07\/05\/2016<\/p>\n<p style=\"text-align: justify;\"><strong>Dom Zenildo Luiz Pereira da Silva, bispo coadjutor de Borba (AM)<\/strong><br \/>\nNomea\u00e7\u00e3o: 24\/02\/2016<br \/>\nOrdena\u00e7\u00e3o: 02\/04\/2016<\/p>\n<p style=\"text-align: justify;\"><strong>Dom Luiz Carlos Dias, bispo auxiliar de S\u00e3o Paulo (SP)<br \/>\n<\/strong>Nomea\u00e7\u00e3o: 16\/03\/2016<br \/>\nOrdena\u00e7\u00e3o: 07\/05\/2016<\/p>\n<p style=\"text-align: justify;\"><strong>Dom Jos\u00e9 Albuquerque de Ara\u00fajo, bispo auxiliar de Manaus (AM)}<br \/>\n<\/strong>Nomea\u00e7\u00e3o: 16\/03\/2016<br \/>\nOrdena\u00e7\u00e3o: 19\/06\/2016<\/p>\n<p style=\"text-align: justify;\"><strong>Dom Santiago S\u00e1nchez Seb\u00e1stian, bispo prelado de L\u00e1brea (AM)<br \/>\n<\/strong>Nomea\u00e7\u00e3o: 13\/04\/2016<br \/>\nOrdena\u00e7\u00e3o: 05\/06\/2016<\/p>\n<p style=\"text-align: justify;\"><strong>Dom Edgar Xavier Ertl, bispo de Palmas-Francisco Beltr\u00e3o (PR)<br \/>\n<\/strong>Nomea\u00e7\u00e3o: 27\/04\/2016<br \/>\nOrdena\u00e7\u00e3o: 23\/07\/2016<\/p>\n<p style=\"text-align: justify;\"><strong>Dom H\u00e9lio Pereira dos Santos, bispo auxiliar de Salvador (BA)<br \/>\n<\/strong>Nomea\u00e7\u00e3o: 27\/04\/2016<br \/>\nOrdena\u00e7\u00e3o: 22\/07\/2016<\/p>\n<p style=\"text-align: justify;\"><strong>Dom Arnaldo Carvalheiro Neto, bispo coadjutor de Itapeva (SP)<br \/>\n<\/strong>Nomea\u00e7\u00e3o: 04\/05\/2016<br \/>\nOrdena\u00e7\u00e3o: 17\/07\/2016<\/p>\n<p style=\"text-align: justify;\"><strong>Dom Moacir Silva Arantes, bispo auxiliar de Goi\u00e2nia (GO)<br \/>\n<\/strong>Nomea\u00e7\u00e3o: 11\/05\/2016<br \/>\nOrdena\u00e7\u00e3o: 13\/08\/2016<\/p>\n<p style=\"text-align: justify;\"><strong>Dom Evaristo Pascoal Spengler, bispo prelado de Maraj\u00f3 (PA)<br \/>\n<\/strong>Nomea\u00e7\u00e3o: 01\/06\/2016<br \/>\nOrdena\u00e7\u00e3o: 06\/08\/2016<\/p>\n<p style=\"text-align: justify;\"><strong>Dom Francisco de Sales Alencar Batista, bispo de Cajazeiras (PB)<\/strong><br \/>\nNomea\u00e7\u00e3o: 08\/06\/2016<br \/>\nOrdena\u00e7\u00e3o: 14\/08\/2016<\/p>\n<p style=\"text-align: justify;\"><strong>Dom Moacir Aparecido de Freitas, bispo de Votuporanga (SP)<\/strong><br \/>\nNomea\u00e7\u00e3o: 20\/07\/2016<br \/>\nOrdena\u00e7\u00e3o: 11\/10\/2016<\/p>\n<p style=\"text-align: justify;\">CNBBNE3<\/p>\n<p>&nbsp;<\/p>\n<p>&nbsp;<\/p>\n","protected":false},"excerpt":{"rendered":"<p>Semana de forma\u00e7\u00e3o re\u00fane 20 bispos nomeados desde outubro de 2015 Os vinte novos membros do episcopado, nomeados desde outubro de 2015 para a Igreja no Brasil,\u00a0participam,\u00a0na sede da Confer\u00eancia Nacional dos Bispos do Brasil (CNBB), em Bras\u00edlia (DF),\u00a0do\u00a027\u00ba\u00a0Encontro para\u00a0Novos\u00a0Bispos, promovido pela Comiss\u00e3o Episcopal Pastoral para os Minist\u00e9rios Ordenados e a Vida Consagrada da CNBB.&nbsp;<\/p>\n<p><a class=\"btn btn-style\" href=\"http:\/\/portalcatolico.net\/portal\/comeca-o-27o-encontro-para-novos-bispos\/\">Continue Reading<\/a><\/p>\n","protected":false},"author":2,"featured_media":824,"comment_status":"open","ping_status":"open","sticky":false,"template":"","format":"standard","meta":{"footnotes":""},"categories":[3],"tags":[],"class_list":["post-823","post","type-post","status-publish","format-standard","has-post-thumbnail","hentry","category-noticias_regionais"],"_links":{"self":[{"href":"http:\/\/portalcatolico.net\/portal\/wp-json\/wp\/v2\/posts\/823","targetHints":{"allow":["GET"]}}],"collection":[{"href":"http:\/\/portalcatolico.net\/portal\/wp-json\/wp\/v2\/posts"}],"about":[{"href":"http:\/\/portalcatolico.net\/portal\/wp-json\/wp\/v2\/types\/post"}],"author":[{"embeddable":true,"href":"http:\/\/portalcatolico.net\/portal\/wp-json\/wp\/v2\/users\/2"}],"replies":[{"embeddable":true,"href":"http:\/\/portalcatolico.net\/portal\/wp-json\/wp\/v2\/comments?post=823"}],"version-history":[{"count":2,"href":"http:\/\/portalcatolico.net\/portal\/wp-json\/wp\/v2\/posts\/823\/revisions"}],"predecessor-version":[{"id":1006,"href":"http:\/\/portalcatolico.net\/portal\/wp-json\/wp\/v2\/posts\/823\/revisions\/1006"}],"wp:featuredmedia":[{"embeddable":true,"href":"http:\/\/portalcatolico.net\/portal\/wp-json\/wp\/v2\/media\/824"}],"wp:attachment":[{"href":"http:\/\/portalcatolico.net\/portal\/wp-json\/wp\/v2\/media?parent=823"}],"wp:term":[{"taxonomy":"category","embeddable":true,"href":"http:\/\/portalcatolico.net\/portal\/wp-json\/wp\/v2\/categories?post=823"},{"taxonomy":"post_tag","embeddable":true,"href":"http:\/\/portalcatolico.net\/portal\/wp-json\/wp\/v2\/tags?post=823"}],"curies":[{"name":"wp","href":"https:\/\/api.w.org\/{rel}","templated":true}]}}