{"id":81194,"date":"2024-08-23T19:41:41","date_gmt":"2024-08-23T22:41:41","guid":{"rendered":"http:\/\/portalcatolico.net\/portal\/?p=81194"},"modified":"2024-08-23T19:41:47","modified_gmt":"2024-08-23T22:41:47","slug":"em-busca-da-felicidade","status":"publish","type":"post","link":"http:\/\/portalcatolico.net\/portal\/em-busca-da-felicidade\/","title":{"rendered":"Em busca da felicidade"},"content":{"rendered":"<p><span data-contrast=\"auto\">O cora\u00e7\u00e3o humano, em busca da felicidade, define uma s\u00e9rie de metas, talvez a maior parte esteja no \u00e2mbito das conquistas profissionais e materiais. Por isso, torna-se sempre oportuno lembrar: importante caminho de efetiva\u00e7\u00e3o da felicidade \u00e9 a promo\u00e7\u00e3o da paz, capaz de forrar a alma, dando-lhe uma fortaleza e sabedoria que n\u00e3o podem ser conquistadas por outra experi\u00eancia humana. Ter um cora\u00e7\u00e3o de paz \u00e9, incontestavelmente, vetor determinante para se experimentar a felicidade \u2013 brilho em meio aos desafios existenciais e sociais. Tornar-se obreiro da paz constitui uma dimens\u00e3o humano-espiritual muito relevante no sustento da exist\u00eancia de cada pessoa. O obreiro da paz tem for\u00e7a de convoca\u00e7\u00e3o e agrega\u00e7\u00e3o, tecendo consensualidade a partir de diferentes temas, o que possibilita avan\u00e7os no horizonte do desenvolvimento integral e human\u00edstico. Essa for\u00e7a propicia o surgimento de protagonistas e agentes do bem comum, com singular sensibilidade social e relacional. Aqueles que investem na pacifica\u00e7\u00e3o conquistam, assim, raz\u00f5es e sentimentos sustentadores de felicidade. Sabem que todas as pessoas, com as suas singularidades, em diferentes circunst\u00e2ncias, podem ajudar na promo\u00e7\u00e3o da paz que, se estiver comprometida, leva ao desequil\u00edbrio social, com cen\u00e1rios de desigualdades e exclus\u00f5es.<\/span><span data-ccp-props=\"{&quot;201341983&quot;:0,&quot;335559739&quot;:160,&quot;335559740&quot;:259}\">&nbsp;<\/span><\/p>\n<p><span data-contrast=\"auto\">A postura que busca semear a pacifica\u00e7\u00e3o \u00e9 bem diferente daquela voltada a \u201cbeliscar\u201d os outros, desprovida de uma linguagem facilitadora de di\u00e1logos e entendimentos. H\u00e1 muitas posturas que impedem o ser humano de ser promotor da paz \u2013 mesmo aqueles intelectualmente preparados para construir uma adequada vis\u00e3o social e pol\u00edtica. De modo geral, \u00e9 preciso zelar pela linguagem, pela pr\u00f3pria postura, revestindo com nobreza o exerc\u00edcio da cidadania. Para isso, deve-se tomar como ponto de partida a promo\u00e7\u00e3o do bem comum e, principalmente, o respeito pela vida, sem trat\u00e1-la de modo preconceituoso ou discriminat\u00f3rio. Assim, o selo de autenticidade do obreiro da paz, caminho importante para se experimentar a felicidade, \u00e9 a compet\u00eancia para amar, defender e promover a vida, em todas as suas dimens\u00f5es \u2013 pessoal, comunit\u00e1ria e transcendente.&nbsp;<\/span><span data-ccp-props=\"{&quot;201341983&quot;:0,&quot;335551550&quot;:6,&quot;335551620&quot;:6,&quot;335559739&quot;:0,&quot;335559740&quot;:240}\">&nbsp;<\/span><\/p>\n<p><span data-contrast=\"auto\">Jamais se alcan\u00e7ar\u00e1 a paz de modo satisfat\u00f3rio \u2013 e, consequentemente, a felicidade -enquanto houver agress\u00f5es \u00e0 vida, no ambiente dom\u00e9stico, no cotidiano da sociedade, no contexto sociopol\u00edtico. \u00c9 um consenso: a promo\u00e7\u00e3o da paz \u00e9 incompat\u00edvel com atentados, desprezos, crimes contra a vida. Se o ser humano \u00e9 desconsiderado em sua dignidade, a paz ser\u00e1 sempre ilus\u00f3ria. Nesse horizonte, n\u00e3o se pode abrir m\u00e3o do compromisso de defender o direito \u00e0 vida plena dos mais fr\u00e1geis, dos nascituros e dos que est\u00e3o em arriscada e desumana situa\u00e7\u00e3o de vulnerabilidade social. A tutela do direito \u00e0 vida ser\u00e1 sempre o ponto de partida no processo de efetiva\u00e7\u00e3o da paz e do desenvolvimento integral. Qualquer les\u00e3o \u00e0 vida, de modo especial no seu nascedouro, significa a imposi\u00e7\u00e3o de danos ao bem comum. Por isso mesmo, devem ser combatidas as op\u00e7\u00f5es ancoradas em vis\u00e3o redutiva e relativista do ser humano, que ameacem o direito fundamental \u00e0 vida. Os crist\u00e3os est\u00e3o unidos tamb\u00e9m nesse combate, por fidelidade a verdades fundamentais da f\u00e9. Do compromisso com a defesa da vida, que une crist\u00e3os de diferentes perspectivas, emerge uma grande for\u00e7a religiosa, geradora de agrega\u00e7\u00e3o.&nbsp;<\/span><span data-ccp-props=\"{&quot;201341983&quot;:0,&quot;335551550&quot;:6,&quot;335551620&quot;:6,&quot;335559739&quot;:0,&quot;335559740&quot;:240}\">&nbsp;<\/span><\/p>\n<p><span data-contrast=\"auto\">A promo\u00e7\u00e3o da paz, essencial na busca da felicidade, se fortalece com a viv\u00eancia aut\u00eantica da f\u00e9, e tamb\u00e9m depende dos ordenamentos jur\u00eddicos, fundamentais na promo\u00e7\u00e3o de direitos. A sociedade n\u00e3o pode abrir m\u00e3o dos campos da religi\u00e3o e da justi\u00e7a, n\u00e3o permitindo tamb\u00e9m que se contaminem por manipula\u00e7\u00f5es. N\u00e3o tem cabimento, por exemplo, a intoler\u00e2ncia religiosa ou a politiza\u00e7\u00e3o de inst\u00e2ncias judiciais \u2013 tamb\u00e9m n\u00e3o se deve admitir a judicializa\u00e7\u00e3o da pol\u00edtica, sob risco de se desfigurar e ferir identidades institucionais.&nbsp;<\/span><span data-ccp-props=\"{&quot;201341983&quot;:0,&quot;335551550&quot;:6,&quot;335551620&quot;:6,&quot;335559739&quot;:0,&quot;335559740&quot;:240}\">&nbsp;<\/span><\/p>\n<p><span data-contrast=\"auto\">Constitui nobre tarefa cidad\u00e3 ser protagonista de uma luta indispens\u00e1vel, em diferentes propor\u00e7\u00f5es, que contemplem investimentos para pacificar rela\u00e7\u00f5es, a partir do di\u00e1logo, no \u00e2mbito familiar. Contemplem igualmente investimentos no enfrentamento de fen\u00f4menos capazes de levar \u00e0 eros\u00e3o da fun\u00e7\u00e3o social do Estado e das redes de solidariedade da sociedade civil. \u00c9 preciso dedicar redobrada aten\u00e7\u00e3o aos direitos sociais amea\u00e7ados, aos deveres sociais desconsiderados, para impedir degrada\u00e7\u00f5es que atinjam frontalmente a dignidade do ser humano. A sociedade pede novas ousadias pol\u00edticas, prof\u00e9ticas e inteligentes, capazes de inspirar novos ordenamentos na civiliza\u00e7\u00e3o que possibilitem, a mais pessoas, experimentar a felicidade.&nbsp; Os comprometimentos que amea\u00e7am a vida n\u00e3o se esgotam apenas com a atua\u00e7\u00e3o de milit\u00e2ncia pol\u00edtica ou de certo segmento de pessoas. Para ser conquistada, a felicidade demanda mais viv\u00eancias alicer\u00e7adas no altru\u00edsmo e na solidariedade, na compaix\u00e3o e na fraternidade. Essas viv\u00eancias trazem ganhos pessoais e alavancam conquistas sociais, propulsoras da paz. Ajudam a edificar uma sociedade mais justa e solid\u00e1ria, fruto de cidadanias qualificadas \u2013 adequadamente exercidas para se alcan\u00e7ar a felicidade.&nbsp;<\/span><span data-ccp-props=\"{&quot;201341983&quot;:0,&quot;335551550&quot;:6,&quot;335551620&quot;:6,&quot;335559739&quot;:0,&quot;335559740&quot;:240}\">&nbsp;<\/span><\/p>\n<p>Dom Walmor Oliveira de Azevedo<br \/>\nArcebispo de Belo Horizonte (MG)<\/p>\n","protected":false},"excerpt":{"rendered":"<p>O cora\u00e7\u00e3o humano, em busca da felicidade, define uma s\u00e9rie de metas, talvez a maior parte esteja no \u00e2mbito das conquistas profissionais e materiais. Por isso, torna-se sempre oportuno lembrar: importante caminho de efetiva\u00e7\u00e3o da felicidade \u00e9 a promo\u00e7\u00e3o da paz, capaz de forrar a alma, dando-lhe uma fortaleza e sabedoria que n\u00e3o podem ser&nbsp;<\/p>\n<p><a class=\"btn btn-style\" href=\"http:\/\/portalcatolico.net\/portal\/em-busca-da-felicidade\/\">Continue Reading<\/a><\/p>\n","protected":false},"author":2,"featured_media":69051,"comment_status":"open","ping_status":"open","sticky":false,"template":"","format":"standard","meta":{"footnotes":""},"categories":[69],"tags":[],"class_list":["post-81194","post","type-post","status-publish","format-standard","has-post-thumbnail","hentry","category-artigos"],"_links":{"self":[{"href":"http:\/\/portalcatolico.net\/portal\/wp-json\/wp\/v2\/posts\/81194","targetHints":{"allow":["GET"]}}],"collection":[{"href":"http:\/\/portalcatolico.net\/portal\/wp-json\/wp\/v2\/posts"}],"about":[{"href":"http:\/\/portalcatolico.net\/portal\/wp-json\/wp\/v2\/types\/post"}],"author":[{"embeddable":true,"href":"http:\/\/portalcatolico.net\/portal\/wp-json\/wp\/v2\/users\/2"}],"replies":[{"embeddable":true,"href":"http:\/\/portalcatolico.net\/portal\/wp-json\/wp\/v2\/comments?post=81194"}],"version-history":[{"count":1,"href":"http:\/\/portalcatolico.net\/portal\/wp-json\/wp\/v2\/posts\/81194\/revisions"}],"predecessor-version":[{"id":81195,"href":"http:\/\/portalcatolico.net\/portal\/wp-json\/wp\/v2\/posts\/81194\/revisions\/81195"}],"wp:featuredmedia":[{"embeddable":true,"href":"http:\/\/portalcatolico.net\/portal\/wp-json\/wp\/v2\/media\/69051"}],"wp:attachment":[{"href":"http:\/\/portalcatolico.net\/portal\/wp-json\/wp\/v2\/media?parent=81194"}],"wp:term":[{"taxonomy":"category","embeddable":true,"href":"http:\/\/portalcatolico.net\/portal\/wp-json\/wp\/v2\/categories?post=81194"},{"taxonomy":"post_tag","embeddable":true,"href":"http:\/\/portalcatolico.net\/portal\/wp-json\/wp\/v2\/tags?post=81194"}],"curies":[{"name":"wp","href":"https:\/\/api.w.org\/{rel}","templated":true}]}}