{"id":81057,"date":"2024-07-23T20:23:34","date_gmt":"2024-07-23T23:23:34","guid":{"rendered":"http:\/\/portalcatolico.net\/portal\/?p=81057"},"modified":"2024-07-23T20:23:34","modified_gmt":"2024-07-23T23:23:34","slug":"santuario-nacional-e-sede-do-genfest-2024-pela-primeira-vez-no-brasil","status":"publish","type":"post","link":"http:\/\/portalcatolico.net\/portal\/santuario-nacional-e-sede-do-genfest-2024-pela-primeira-vez-no-brasil\/","title":{"rendered":"Santu\u00e1rio Nacional \u00e9 sede do Genfest 2024, pela primeira vez no Brasil"},"content":{"rendered":"<p><i>Evento global \u00e9 organizado a cada 6 anos, participantes chegam sexta (19) em Aparecida<\/i>&nbsp;<\/p>\n<p><i>Por Lucas Torres<\/i><\/p>\n<p>O Genfest 2024, um evento global que ocorre pela primeira vez na Am\u00e9rica Latina, ter\u00e1 uma das fases, no Santu\u00e1rio Nacional de Aparecida. Com o tema &#8220;Juntos para cuidar&#8221;, o Genfest reunir\u00e1 cerca de 6 mil jovens de mais de 40 pa\u00edses entre os dias 19 e 24 de julho.<\/p>\n<p><b><i>O Genfest<\/i><\/b><\/p>\n<p>Organizado pelo Movimento dos Focolares, o Genfest \u00e9 destinado a jovens entre 18 e 35 anos e ocorre a cada seis anos. A primeira fase do evento, realizada de 12 a 18 de julho, incluiu a\u00e7\u00f5es sociais em todo o Brasil e na Am\u00e9rica Latina.<\/p>\n<p>O Genfest teve sua origem em 1973, na It\u00e1lia, quando um grupo de jovens se uniu em prol da uni\u00e3o e fraternidade em meio a um contexto de contesta\u00e7\u00f5es e divis\u00f5es. Na ocasi\u00e3o, o Papa Paulo VI exortou: \u201cContribua para formar uma consci\u00eancia cada vez mais clara da responsabilidade que o Evangelho comporta na pr\u00f3pria vida\u201d.<\/p>\n<p><b><i>Sobre o Movimento dos Focolares<\/i><\/b><\/p>\n<p>O Movimento dos Focolares \u00e9 uma organiza\u00e7\u00e3o internacional que promove a unidade e a fraternidade universal, inspirada nos valores do Evangelho. Fundado em 1943 por Chiara Lubich, o movimento atua em diversos setores da sociedade, incluindo educa\u00e7\u00e3o, cultura, ecologia, e rela\u00e7\u00f5es inter-religiosas e interculturais.<\/p>\n<p><b>O centro de eventos<\/b><\/p>\n<p>Conhecido por seu amplo gin\u00e1sio de&nbsp;<b>2.000m\u00b2,<\/b>&nbsp;com capacidade para at\u00e9&nbsp;<b>8.000<\/b>&nbsp;pessoas, o espa\u00e7o fica localizado no complexo do&nbsp;<b>Santu\u00e1rio Nacional de Aparecida&nbsp;<\/b>, e com mais de 15.280m\u00b2 de \u00e1rea constru\u00edda, o Centro de Eventos Pe. V\u00edtor Coelho de Almeida \u00e9 um espa\u00e7o multiuso, cuidadosamente planejado para acolher diversos tipos de eventos, como: congressos, palestras, semin\u00e1rios, workshops, feiras, conven\u00e7\u00f5es, competi\u00e7\u00f5es esportivas, apresenta\u00e7\u00f5es musicais e teatrais, jantares e encontros de romarias.<\/p>\n<p><i>\u201cN\u00f3s escolhemos realizar o Genfest no Santu\u00e1rio Nacional, n\u00e3o s\u00f3 pela super infraestrutura que ele nos oferece, mas tamb\u00e9m porque o espa\u00e7o acolhe bem a proposta do evento. N\u00e3o existe um lugar mais significativo do que Aparecida, al\u00e9m do fato do Centro de Eventos Padre Vitor Coelho e a estrutura de hotelaria local favorecerem muito a realiza\u00e7\u00e3o de um evento dessa natureza\u201d<\/i>&nbsp;afirma o Gerente de Comunica\u00e7\u00e3o do Genfest, Lu\u00eds Henrique Marques.<\/p>\n<p><b>Inscri\u00e7\u00f5es<\/b><\/p>\n<p>E as inscri\u00e7\u00f5es ainda est\u00e3o abertas e podem ser feitas presencialmente no Santu\u00e1rio Nacional. A chegada para o credenciamento est\u00e1 marcada para \u00e0s 10h da manh\u00e3 de sexta-feira, 19 de julho, no Centro de Eventos Padre Vitor Coelho de Almeida, localizado no complexo de acolhida da Bas\u00edlica de Aparecida. O festival ser\u00e1 transmitido via streaming para mais de 120 pa\u00edses, alcan\u00e7ando centenas de milhares de jovens ao redor do mundo.<\/p>\n<p>A organiza\u00e7\u00e3o do Genfest 2024 visa desenvolver compet\u00eancias e atitudes nos jovens participantes, tais como empatia, escuta ativa, trabalho em equipe, responsabilidade social, solidariedade, di\u00e1logo intercultural e inter-religioso. Al\u00e9m disso, o evento busca promover o interc\u00e2mbio com culturas e tradi\u00e7\u00f5es latino-americanas, especialmente a brasileira.<br \/>\n&nbsp;<\/p>\n<p><b>WhatsApp:<\/b>&nbsp;(12) 99776-2337<\/p>\n<p><b>E-mail:&nbsp;<\/b>sala.imprensa@santuarionacional.com<\/p>\n<p>Foto: Santu\u00e1rio Nacional<\/p>\n","protected":false},"excerpt":{"rendered":"<p>Evento global \u00e9 organizado a cada 6 anos, participantes chegam sexta (19) em Aparecida&nbsp; Por Lucas Torres O Genfest 2024, um evento global que ocorre pela primeira vez na Am\u00e9rica Latina, ter\u00e1 uma das fases, no Santu\u00e1rio Nacional de Aparecida. Com o tema &#8220;Juntos para cuidar&#8221;, o Genfest reunir\u00e1 cerca de 6 mil jovens de&nbsp;<\/p>\n<p><a class=\"btn btn-style\" href=\"http:\/\/portalcatolico.net\/portal\/santuario-nacional-e-sede-do-genfest-2024-pela-primeira-vez-no-brasil\/\">Continue Reading<\/a><\/p>\n","protected":false},"author":2,"featured_media":81058,"comment_status":"open","ping_status":"open","sticky":false,"template":"","format":"standard","meta":{"footnotes":""},"categories":[4],"tags":[],"class_list":["post-81057","post","type-post","status-publish","format-standard","has-post-thumbnail","hentry","category-destaques"],"_links":{"self":[{"href":"http:\/\/portalcatolico.net\/portal\/wp-json\/wp\/v2\/posts\/81057","targetHints":{"allow":["GET"]}}],"collection":[{"href":"http:\/\/portalcatolico.net\/portal\/wp-json\/wp\/v2\/posts"}],"about":[{"href":"http:\/\/portalcatolico.net\/portal\/wp-json\/wp\/v2\/types\/post"}],"author":[{"embeddable":true,"href":"http:\/\/portalcatolico.net\/portal\/wp-json\/wp\/v2\/users\/2"}],"replies":[{"embeddable":true,"href":"http:\/\/portalcatolico.net\/portal\/wp-json\/wp\/v2\/comments?post=81057"}],"version-history":[{"count":1,"href":"http:\/\/portalcatolico.net\/portal\/wp-json\/wp\/v2\/posts\/81057\/revisions"}],"predecessor-version":[{"id":81059,"href":"http:\/\/portalcatolico.net\/portal\/wp-json\/wp\/v2\/posts\/81057\/revisions\/81059"}],"wp:featuredmedia":[{"embeddable":true,"href":"http:\/\/portalcatolico.net\/portal\/wp-json\/wp\/v2\/media\/81058"}],"wp:attachment":[{"href":"http:\/\/portalcatolico.net\/portal\/wp-json\/wp\/v2\/media?parent=81057"}],"wp:term":[{"taxonomy":"category","embeddable":true,"href":"http:\/\/portalcatolico.net\/portal\/wp-json\/wp\/v2\/categories?post=81057"},{"taxonomy":"post_tag","embeddable":true,"href":"http:\/\/portalcatolico.net\/portal\/wp-json\/wp\/v2\/tags?post=81057"}],"curies":[{"name":"wp","href":"https:\/\/api.w.org\/{rel}","templated":true}]}}