{"id":80930,"date":"2024-06-20T14:30:37","date_gmt":"2024-06-20T17:30:37","guid":{"rendered":"http:\/\/portalcatolico.net\/portal\/?p=80930"},"modified":"2024-06-24T14:50:02","modified_gmt":"2024-06-24T17:50:02","slug":"seminarista-pedro-paz-da-passo-importante-rumo-ao-sacerdocio-em-missa-de-rito-de-admissao-as-ordens-sacras","status":"publish","type":"post","link":"http:\/\/portalcatolico.net\/portal\/seminarista-pedro-paz-da-passo-importante-rumo-ao-sacerdocio-em-missa-de-rito-de-admissao-as-ordens-sacras\/","title":{"rendered":"Seminarista Pedro Paz d\u00e1 passo importante rumo ao sacerd\u00f3cio em missa de Rito de Admiss\u00e3o \u00e0s Ordens Sacras"},"content":{"rendered":"<p>Em uma cerim\u00f4nia emocionante na Par\u00f3quia Nossa Senhora de F\u00e1tima, o seminarista Pedro Paz deu um passo significativo em sua jornada vocacional ao participar da Missa do Rito de Admiss\u00e3o \u00e0s Ordens Sacras. A celebra\u00e7\u00e3o, presidida pelo Bispo Diocesano Dom Carlos Alberto, contou com a presen\u00e7a de familiares, amigos, paroquianos e membros do clero, Padre Nicolau, p\u00e1roco e conselheiro espiritual do seminarista. Padre Adriano Fernandas, Reitor do Semin\u00e1rio Proped\u00eautico S\u00e3o Jos\u00e9 na Diocese de Itabuna, e o Di\u00e1cono \u00cdtalo..<\/p>\n<p>Durante a homilia, Dom Carlos Alberto destacou a import\u00e2ncia da ora\u00e7\u00e3o na vida dos presentes:<\/p>\n<blockquote class=\"wp-block-quote is-layout-flow wp-block-quote-is-layout-flow\"><p><em class=\"\">\u201c\u00c9 necess\u00e1rio ser uma pessoa orante. N\u00e3o apenas de vez em quando, mas ser todos os dias.\u201d<\/em><\/p>\n<p>O Bispo tamb\u00e9m ressaltou ao seminarista, o chamado \u00e0 doa\u00e7\u00e3o total a Deus:<\/p>\n<blockquote class=\"wp-block-quote is-layout-flow wp-block-quote-is-layout-flow\"><p><em class=\"\">\u201cJesus quer uma pessoa doada.\u201d<\/em><\/p><\/blockquote>\n<p>A Admiss\u00e3o \u00e0s Ordens Sacras \u00e9 um rito lit\u00fargico que marca a manifesta\u00e7\u00e3o p\u00fablica do desejo do seminarista de se entregar ao servi\u00e7o da Igreja. Com este passo, Pedro Paz se junta aos candidatos ao presbiterato da Diocese de Itabuna.<\/p>\n<blockquote class=\"wp-block-quote is-layout-flow wp-block-quote-is-layout-flow\"><p><em class=\"\">\u201cSeja no futuro bom pastor, seja no futuro sentindo o cheiro das ovelhas\u201d<\/em>,<\/p><\/blockquote>\n<p>finalizou Dom Carlos Alberto, em mensagem de encorajamento ao seminarista.<\/p>\n<p>A comunidade paroquial se une em ora\u00e7\u00e3o por Pedro Paz e sua caminhada rumo ao sacerd\u00f3cio que seguir\u00e1 para a espanha onde continuar\u00e1 seus estudos de teologia.<\/p>\n<p>Clique <a href=\"https:\/\/paroquiadefatimaitabuna.com.br\/seminarista-pedro-paz-da-passo-importante-rumo-ao-sacerdocio-em-missa-de-rito-de-admissao-as-ordens-sacras\/\"><strong>AQUI<\/strong><\/a> e confira o \u00e1lbuns de fotos<\/p>\n<p>Texto e fotos:Pascom\/Par\u00f3quia Nossa Senhora de F\u00e1tima de itabuna(BA)<\/p><\/blockquote>\n","protected":false},"excerpt":{"rendered":"<p>Em uma cerim\u00f4nia emocionante na Par\u00f3quia Nossa Senhora de F\u00e1tima, o seminarista Pedro Paz deu um passo significativo em sua jornada vocacional ao participar da Missa do Rito de Admiss\u00e3o \u00e0s Ordens Sacras. A celebra\u00e7\u00e3o, presidida pelo Bispo Diocesano Dom Carlos Alberto, contou com a presen\u00e7a de familiares, amigos, paroquianos e membros do clero, Padre&nbsp;<\/p>\n<p><a class=\"btn btn-style\" href=\"http:\/\/portalcatolico.net\/portal\/seminarista-pedro-paz-da-passo-importante-rumo-ao-sacerdocio-em-missa-de-rito-de-admissao-as-ordens-sacras\/\">Continue Reading<\/a><\/p>\n","protected":false},"author":2,"featured_media":80931,"comment_status":"open","ping_status":"open","sticky":false,"template":"","format":"standard","meta":{"footnotes":""},"categories":[4],"tags":[],"class_list":["post-80930","post","type-post","status-publish","format-standard","has-post-thumbnail","hentry","category-destaques"],"_links":{"self":[{"href":"http:\/\/portalcatolico.net\/portal\/wp-json\/wp\/v2\/posts\/80930","targetHints":{"allow":["GET"]}}],"collection":[{"href":"http:\/\/portalcatolico.net\/portal\/wp-json\/wp\/v2\/posts"}],"about":[{"href":"http:\/\/portalcatolico.net\/portal\/wp-json\/wp\/v2\/types\/post"}],"author":[{"embeddable":true,"href":"http:\/\/portalcatolico.net\/portal\/wp-json\/wp\/v2\/users\/2"}],"replies":[{"embeddable":true,"href":"http:\/\/portalcatolico.net\/portal\/wp-json\/wp\/v2\/comments?post=80930"}],"version-history":[{"count":2,"href":"http:\/\/portalcatolico.net\/portal\/wp-json\/wp\/v2\/posts\/80930\/revisions"}],"predecessor-version":[{"id":80933,"href":"http:\/\/portalcatolico.net\/portal\/wp-json\/wp\/v2\/posts\/80930\/revisions\/80933"}],"wp:featuredmedia":[{"embeddable":true,"href":"http:\/\/portalcatolico.net\/portal\/wp-json\/wp\/v2\/media\/80931"}],"wp:attachment":[{"href":"http:\/\/portalcatolico.net\/portal\/wp-json\/wp\/v2\/media?parent=80930"}],"wp:term":[{"taxonomy":"category","embeddable":true,"href":"http:\/\/portalcatolico.net\/portal\/wp-json\/wp\/v2\/categories?post=80930"},{"taxonomy":"post_tag","embeddable":true,"href":"http:\/\/portalcatolico.net\/portal\/wp-json\/wp\/v2\/tags?post=80930"}],"curies":[{"name":"wp","href":"https:\/\/api.w.org\/{rel}","templated":true}]}}